{"id":38653,"date":"2025-03-11T21:44:52","date_gmt":"2025-03-11T21:44:52","guid":{"rendered":"https:\/\/247stiri.ro\/index.php\/2025\/03\/11\/povestea-unui-militar-ucrainean-aflat-in-vacanta-la-venetia-cum-a-reusit-sa-salveze-viata-unui-barbat-grav-ranit\/"},"modified":"2025-03-11T21:44:52","modified_gmt":"2025-03-11T21:44:52","slug":"povestea-unui-militar-ucrainean-aflat-in-vacanta-la-venetia-cum-a-reusit-sa-salveze-viata-unui-barbat-grav-ranit","status":"publish","type":"post","link":"https:\/\/247stiri.ro\/index.php\/2025\/03\/11\/povestea-unui-militar-ucrainean-aflat-in-vacanta-la-venetia-cum-a-reusit-sa-salveze-viata-unui-barbat-grav-ranit\/","title":{"rendered":"Povestea unui militar ucrainean aflat \u00een vacan\u021b\u0103 la Vene\u021bia. Cum a reu\u0219it s\u0103 salveze via\u021ba unui b\u0103rbat grav r\u0103nit"},"content":{"rendered":"<p>Interven\u021bia decisiv\u0103 \u00een mijlocul str\u0103zii<\/p>\n<p><a href=\"https:\/\/www.realitatea.net\/stiri\/extern\/ucraina-poate-rezista-inca-6-luni-fara-sprijinul-sua-ce-a-transmis-un-deputat-ucrainean_67c811ca9a7b66704b17e48d\" target=\"_blank\">Incidentul s-a petrecut<\/a> \u00een zona Rialto, unde Tere\u0219cenko se \u00eendrepta spre hotelul s\u0103u. \u00cen acel moment, a observat un b\u0103rbat pr\u0103bu\u0219it la p\u0103m\u00e2nt, s\u00e2nger\u00e2nd puternic, \u00een urma unei alterca\u021bii violente \u00eentre doi tineri de origine nord-african\u0103.<\/p>\n<p>\u201eAm v\u0103zut o ran\u0103 ad\u00e2nc\u0103 pe coapsa lui \u0219i am scos un garou pentru a opri s\u00e2ngerarea. B\u0103rbatul \u0219i-a pierdut cuno\u0219tin\u021ba \u0219i s\u00e2ngera abundent. Am \u00eencercat s\u0103-l men\u021bin \u00een via\u021b\u0103 p\u00e2n\u0103 la sosirea ambulan\u021bei\u201d, a povestit militarul, citat de Corriere del Veneto.<\/p>\n<p>Reflexele formate pe front<\/p>\n<p>De\u0219i nu \u0219tia dac\u0103 victima va supravie\u021bui din cauza pierderii semnificative de s\u00e2nge, Tere\u0219cenko nu a ezitat s\u0103 intervin\u0103. \u201eOamenii din jur erau confuzi \u0219i nimeni nu \u0219tia ce s\u0103 fac\u0103. Din p\u0103cate, am v\u0103zut astfel de scene \u00een timpul r\u0103zboiului, a\u0219a c\u0103 pentru mine nu a fost nicio \u00eendoial\u0103 c\u0103 trebuie s\u0103 ac\u021bionez\u201d, a spus militarul ucrainean.<\/p>\n<p>Fost profesor, acesta s-a al\u0103turat Brig\u0103zii a 3-a de asalt aerian la \u00eenceputul invaziei ruse din Ucraina \u0219i, de atunci, nu pleac\u0103 niciodat\u0103 f\u0103r\u0103 o trus\u0103 de prim ajutor. \u201eFamilia mea \u00eemi spune mereu s\u0103 o las acas\u0103, c\u0103 nu am nevoie de ea, dar ast\u0103zi, pentru prima dat\u0103 \u00een trei ani, mi-a fost de folos\u201d, a m\u0103rturisit Tere\u0219cenko.<\/p>\n<p>Incidentul a atras rapid aten\u021bia presei italiene, \u00eens\u0103 ini\u021bial, informa\u021biile despre salvator au fost inexacte. Primele relat\u0103ri sus\u021bineau c\u0103 victima fusese salvat\u0103 de un \u201eturist rus\u201d. Ulterior, eroarea a fost corectat\u0103, iar Tere\u0219cenko \u00eensu\u0219i a clarificat situa\u021bia printr-o postare pe X (Twitter), explic\u00e2nd c\u0103 localnicii l-au confundat din cauza limbii vorbite.<\/p>\n<p><a href=\"https:\/\/www.realitatea.net\/stiri\/actual\/prima-miscare-a-lui-zelenski-dupa-scandalul-de-la-casa-alba-pe-cine-a-sunat-liderul-ucrainean_67c21e240bc28b32a4069d59\" target=\"_blank\">Fapta sa a st\u00e2rnit un val de reac\u021bii<\/a> pozitive, at\u00e2t \u00een Italia, c\u00e2t \u0219i \u00een Ucraina, unde militarul a fost l\u0103udat pentru s\u00e2ngele rece \u0219i profesionalismul de care a dat dovad\u0103 \u00eentr-o situa\u021bie critic\u0103.<\/p>","protected":false},"excerpt":{"rendered":"<p>Interven\u021bia decisiv\u0103 \u00een mijlocul str\u0103zii Incidentul s-a petrecut \u00een zona Rialto, unde Tere\u0219cenko se \u00eendrepta&hellip;<\/p>\n","protected":false},"author":0,"featured_media":38654,"comment_status":"open","ping_status":"open","sticky":false,"template":"","format":"standard","meta":{"footnotes":""},"categories":[4],"tags":[],"class_list":["post-38653","post","type-post","status-publish","format-standard","has-post-thumbnail","hentry","category-extern"],"_links":{"self":[{"href":"https:\/\/247stiri.ro\/index.php\/wp-json\/wp\/v2\/posts\/38653","targetHints":{"allow":["GET"]}}],"collection":[{"href":"https:\/\/247stiri.ro\/index.php\/wp-json\/wp\/v2\/posts"}],"about":[{"href":"https:\/\/247stiri.ro\/index.php\/wp-json\/wp\/v2\/types\/post"}],"replies":[{"embeddable":true,"href":"https:\/\/247stiri.ro\/index.php\/wp-json\/wp\/v2\/comments?post=38653"}],"version-history":[{"count":0,"href":"https:\/\/247stiri.ro\/index.php\/wp-json\/wp\/v2\/posts\/38653\/revisions"}],"wp:featuredmedia":[{"embeddable":true,"href":"https:\/\/247stiri.ro\/index.php\/wp-json\/wp\/v2\/media\/38654"}],"wp:attachment":[{"href":"https:\/\/247stiri.ro\/index.php\/wp-json\/wp\/v2\/media?parent=38653"}],"wp:term":[{"taxonomy":"category","embeddable":true,"href":"https:\/\/247stiri.ro\/index.php\/wp-json\/wp\/v2\/categories?post=38653"},{"taxonomy":"post_tag","embeddable":true,"href":"https:\/\/247stiri.ro\/index.php\/wp-json\/wp\/v2\/tags?post=38653"}],"curies":[{"name":"wp","href":"https:\/\/api.w.org\/{rel}","templated":true}]}}