{"id":38663,"date":"2025-03-12T02:45:34","date_gmt":"2025-03-12T02:45:34","guid":{"rendered":"https:\/\/247stiri.ro\/index.php\/2025\/03\/12\/aur-a-decis-simion-merge-la-georgescu-cu-3-variante-de-prezidentiabili-partidul-intra-in-greva-parlamentara\/"},"modified":"2025-03-12T02:45:34","modified_gmt":"2025-03-12T02:45:34","slug":"aur-a-decis-simion-merge-la-georgescu-cu-3-variante-de-prezidentiabili-partidul-intra-in-greva-parlamentara","status":"publish","type":"post","link":"https:\/\/247stiri.ro\/index.php\/2025\/03\/12\/aur-a-decis-simion-merge-la-georgescu-cu-3-variante-de-prezidentiabili-partidul-intra-in-greva-parlamentara\/","title":{"rendered":"AUR a decis: Simion merge la Georgescu cu 3 variante de preziden\u021biabili. Partidul intr\u0103 \u00een grev\u0103 parlamentar\u0103"},"content":{"rendered":"<p>Mai mul\u021bi membri au cerut un vot de sus\u021binere pentru candidatura lui George Simion, care a fost votat\u0103 \u00een unanimitate, \u00eens\u0103 liderul AUR le-a spus colegilor s\u0103i c\u0103 nu vrea s\u0103 candideze. Potrivit unor surse, partidul a stabilit s\u0103 mearg\u0103 ast\u0103zi la discu\u021biile cu C\u0103lin Georgescu cu trei propuneri de preziden\u021biabili: George Simion, Dan Dungaciu \u0219i Dan Puric.<\/p>\n<p>La finalul \u0219edin\u021bei, AUR a transmis \u0219i un comunicat de pres\u0103 prin care denun\u021b\u0103 decizia abuziv\u0103 a CCR de invalidare a candidaturii lui C\u0103lin Georgescu \u0219i anun\u021b\u0103 mobilizarea for\u021belor suveraniste.<\/p>\n<p>\u201dAlian\u021ba pentru Unirea Rom\u00e2nilor (AUR) condamn\u0103 decizia abuziv\u0103 a Cur\u021bii Constitu\u021bionale a Rom\u00e2niei (CCR) de a invalida candidatura domnului C\u0103lin Georgescu, \u00een urma blocajului ilegal impus anterior de Biroul Electoral Central. Aceast\u0103 hot\u0103r\u00e2re reprezint\u0103 un pumn \u00een gura opozi\u021biei reale din Rom\u00e2nia, a candida\u021bilor suverani\u0219ti \u0219i o dovad\u0103 clar\u0103 c\u0103 interlopii politici care controleaz\u0103 statul rom\u00e2n sunt dispera\u021bi s\u0103 \u00ee\u0219i men\u021bin\u0103 puterea cu orice pre\u021b.<\/p>\n<p>Dup\u0103 ce au eliminat candida\u021bi pe band\u0103 rulant\u0103, celor care trag sforile nu le mai r\u0103m\u00e2ne dec\u00e2t s\u0103 interzic\u0103, \u00een cele din urm\u0103, desf\u0103\u0219urarea alegerilor preziden\u021biale cu totul. Se \u00eencearc\u0103 prin orice mijloace capturarea total\u0103 a puterii \u0219i eliminarea oric\u0103rei opozi\u021bii autentice la sistemul corupt \u00eentre\u021binut de PSD \u0219i PNL timp de 35 de ani. Rom\u00e2nii au \u00een\u021beles acest joc murdar \u0219i nu vor r\u0103m\u00e2ne pasivi \u00een fa\u021ba acestui abuz f\u0103r\u0103 precedent.<\/p>\n<p>Decizia final\u0103 privind sus\u021binerea unui candidat pentru func\u021bia de pre\u0219edinte al Rom\u00e2niei va fi luat\u0103 \u00een urma consult\u0103rii cu domnul C\u0103lin Georgescu. Ne dorim s\u0103 existe un candidat suveranist autentic, nu un fals suveranist, impus de sistem. Vom ac\u021biona pe mai departe \u00een concordan\u021b\u0103 cu ce va decide \u0219i domnul C\u0103lin Georgescu, pentru c\u0103 aceast\u0103 lupt\u0103 nu este despre un om, ci despre viitorul Rom\u00e2niei.<\/p>\n<p>\u00cei asigur\u0103m pe to\u021bi rom\u00e2nii patrio\u021bi c\u0103 nu vom r\u0103m\u00e2ne f\u0103r\u0103 reprezentare \u0219i nu vom fi \u00eenvin\u0219i. Rom\u00e2nii s-au trezit \u0219i trebuie s\u0103 mearg\u0103 mai departe! Nu trebuie s\u0103 renun\u021b\u0103m, pentru c\u0103 \u00eentr-un fel sau altul trebuie s\u0103 ie\u0219im din aceast\u0103 dictatur\u0103 instaurat\u0103 pe 6 decembrie. Acesta nu este sf\u00e2r\u0219itul luptei noastre, ci \u00eenceputul unei mobiliz\u0103ri f\u0103r\u0103 precedent.<\/p>\n<p>Totodat\u0103, AUR va intra \u00eencep\u00e2nd de miercuri, 12 martie, \u00een grev\u0103 parlamentar\u0103 al\u0103turi de celelalte partide suveraniste. Nu ne vom opri p\u00e2n\u0103 c\u00e2nd democra\u021bia \u0219i dreptul rom\u00e2nilor la alegeri libere nu vor fi restabilite. Rom\u00e2nia trebuie s\u0103 fie a rom\u00e2nilor, nu a celor care se cred st\u0103p\u00e2ni peste acest popor! Lupta continu\u0103!\u201d, se arat\u0103 \u00een comunicatul de pres\u0103 transmis de AUR.<\/p>","protected":false},"excerpt":{"rendered":"<p>Mai mul\u021bi membri au cerut un vot de sus\u021binere pentru candidatura lui George Simion, care&hellip;<\/p>\n","protected":false},"author":0,"featured_media":38664,"comment_status":"open","ping_status":"open","sticky":false,"template":"","format":"standard","meta":{"footnotes":""},"categories":[3],"tags":[],"class_list":["post-38663","post","type-post","status-publish","format-standard","has-post-thumbnail","hentry","category-politica"],"_links":{"self":[{"href":"https:\/\/247stiri.ro\/index.php\/wp-json\/wp\/v2\/posts\/38663","targetHints":{"allow":["GET"]}}],"collection":[{"href":"https:\/\/247stiri.ro\/index.php\/wp-json\/wp\/v2\/posts"}],"about":[{"href":"https:\/\/247stiri.ro\/index.php\/wp-json\/wp\/v2\/types\/post"}],"replies":[{"embeddable":true,"href":"https:\/\/247stiri.ro\/index.php\/wp-json\/wp\/v2\/comments?post=38663"}],"version-history":[{"count":0,"href":"https:\/\/247stiri.ro\/index.php\/wp-json\/wp\/v2\/posts\/38663\/revisions"}],"wp:featuredmedia":[{"embeddable":true,"href":"https:\/\/247stiri.ro\/index.php\/wp-json\/wp\/v2\/media\/38664"}],"wp:attachment":[{"href":"https:\/\/247stiri.ro\/index.php\/wp-json\/wp\/v2\/media?parent=38663"}],"wp:term":[{"taxonomy":"category","embeddable":true,"href":"https:\/\/247stiri.ro\/index.php\/wp-json\/wp\/v2\/categories?post=38663"},{"taxonomy":"post_tag","embeddable":true,"href":"https:\/\/247stiri.ro\/index.php\/wp-json\/wp\/v2\/tags?post=38663"}],"curies":[{"name":"wp","href":"https:\/\/api.w.org\/{rel}","templated":true}]}}