{"id":38671,"date":"2025-03-12T05:46:01","date_gmt":"2025-03-12T05:46:01","guid":{"rendered":"https:\/\/247stiri.ro\/index.php\/2025\/03\/12\/candidatul-suveranist-il-aflati-la-televizunea-poporului-realitatea-plus-anunta-cine-va-intra-in-cursa-pentru-cotroceni\/"},"modified":"2025-03-12T05:46:01","modified_gmt":"2025-03-12T05:46:01","slug":"candidatul-suveranist-il-aflati-la-televizunea-poporului-realitatea-plus-anunta-cine-va-intra-in-cursa-pentru-cotroceni","status":"publish","type":"post","link":"https:\/\/247stiri.ro\/index.php\/2025\/03\/12\/candidatul-suveranist-il-aflati-la-televizunea-poporului-realitatea-plus-anunta-cine-va-intra-in-cursa-pentru-cotroceni\/","title":{"rendered":"CANDIDATUL SUVERANIST \u00eel afla\u021bi la televizunea poporului. Realitatea PLUS anun\u021b\u0103 cine va intra \u00een cursa pentru Cotroceni"},"content":{"rendered":"<p>Este informa\u021bia momentului. Realitatea PLUS, televeziunea poporului, anun\u021b\u0103 \u00een exclusivitate cine va continu\u0103 lupta pentru preziden\u021biale.<\/p>\n<p>Ast\u0103zi va avea loc o \u00eent\u00e2lnire crucial\u0103 \u00eentre C\u0103lin Georgescu \u0219i suverani\u0219ti.<\/p>\n<p>Avem informa\u021bii de ultima ora c\u0103 va fi un candidat suveranist care va continua aceast\u0103 lupta. Acesta trebuie s\u0103 str\u00e2ng\u0103 semn\u0103turile \u0219i s\u0103-\u0219i depun\u0103 dosarul la Biroul Electoral Central (BEC). Termenul maxim este data de 15 martie. \u00a0<\/p>\n<p>P\u00e2n\u0103 atunci, Realitatea PLUS, televiziunea poporului, v\u0103 va \u021bine la curent cu toate mi\u0219c\u0103rile din tab\u0103ra suveranist\u0103.\u00a0<\/p>\n<p>\u00a0<\/p>","protected":false},"excerpt":{"rendered":"<p>Este informa\u021bia momentului. Realitatea PLUS, televeziunea poporului, anun\u021b\u0103 \u00een exclusivitate cine va continu\u0103 lupta pentru&hellip;<\/p>\n","protected":false},"author":0,"featured_media":38672,"comment_status":"open","ping_status":"open","sticky":false,"template":"","format":"standard","meta":{"footnotes":""},"categories":[3],"tags":[],"class_list":["post-38671","post","type-post","status-publish","format-standard","has-post-thumbnail","hentry","category-politica"],"_links":{"self":[{"href":"https:\/\/247stiri.ro\/index.php\/wp-json\/wp\/v2\/posts\/38671","targetHints":{"allow":["GET"]}}],"collection":[{"href":"https:\/\/247stiri.ro\/index.php\/wp-json\/wp\/v2\/posts"}],"about":[{"href":"https:\/\/247stiri.ro\/index.php\/wp-json\/wp\/v2\/types\/post"}],"replies":[{"embeddable":true,"href":"https:\/\/247stiri.ro\/index.php\/wp-json\/wp\/v2\/comments?post=38671"}],"version-history":[{"count":0,"href":"https:\/\/247stiri.ro\/index.php\/wp-json\/wp\/v2\/posts\/38671\/revisions"}],"wp:featuredmedia":[{"embeddable":true,"href":"https:\/\/247stiri.ro\/index.php\/wp-json\/wp\/v2\/media\/38672"}],"wp:attachment":[{"href":"https:\/\/247stiri.ro\/index.php\/wp-json\/wp\/v2\/media?parent=38671"}],"wp:term":[{"taxonomy":"category","embeddable":true,"href":"https:\/\/247stiri.ro\/index.php\/wp-json\/wp\/v2\/categories?post=38671"},{"taxonomy":"post_tag","embeddable":true,"href":"https:\/\/247stiri.ro\/index.php\/wp-json\/wp\/v2\/tags?post=38671"}],"curies":[{"name":"wp","href":"https:\/\/api.w.org\/{rel}","templated":true}]}}