{"id":38677,"date":"2025-03-12T05:46:04","date_gmt":"2025-03-12T05:46:04","guid":{"rendered":"https:\/\/247stiri.ro\/index.php\/2025\/03\/12\/sarbatoarea-zilei-12-martie-2025-zi-insemnata-pentru-crestinatate-un-mare-sfant-este-pomenit-in-calendar\/"},"modified":"2025-03-12T05:46:04","modified_gmt":"2025-03-12T05:46:04","slug":"sarbatoarea-zilei-12-martie-2025-zi-insemnata-pentru-crestinatate-un-mare-sfant-este-pomenit-in-calendar","status":"publish","type":"post","link":"https:\/\/247stiri.ro\/index.php\/2025\/03\/12\/sarbatoarea-zilei-12-martie-2025-zi-insemnata-pentru-crestinatate-un-mare-sfant-este-pomenit-in-calendar\/","title":{"rendered":"S\u0103rb\u0103toarea zilei: 12 martie 2025. Zi \u00eensemnat\u0103 pentru cre\u0219tin\u0103tate. Un mare sf\u00e2nt este pomenit \u00een calendar"},"content":{"rendered":"<p>S\u0103rb\u0103toarea zilei, 12 martie 2025<\/p>\n<p>Sf\u00e2ntul Cuvios Teofan M\u0103rturisitorul este pomenit \u00een calendarul cre\u015ftin ortodox la 12 martie.<\/p>\n<p>S-a n\u0103scut la Constantinopol, p\u0103rin\u0163ii s\u0103i fiind \u00eenal\u0163i demnitari, Isaac \u015fi Teodotia, la jum\u0103tatea secolului al VIII-lea. Printre rudele sale se num\u0103rau doi \u00eemp\u0103ra\u0163i ai imperiului: Leon Isaurul (717-740) \u015fi Constantin Copronimul (740-775).<\/p>\n<p>Orfan de tat\u0103 de la v\u00e2rsta de 3 ani, Teofan a fost crescut de \u00eemp\u0103ratul Constantin Copronimul care, \u00een \u00een\u0163elegere cu unul dintre demnitari, l-a logodit la v\u00e2rsta de 12 ani, cu fiica acestuia, urm\u00e2nd ca la v\u00e2rsta cuvenit\u0103 s\u0103 fie c\u0103s\u0103tori\u0163i.<\/p>\n<p>Atunci c\u00e2nd a venit ziua nun\u0163ii, t\u00e2n\u0103rul mire i-a descoperit so\u0163iei sale g\u00e2ndu-l pe care \u00eel avea, s\u0103 r\u0103m\u00e2n\u0103 \u00eempreun\u0103 pentru pu\u0163in timp, pentru a-l lini\u015fti pe tat\u0103l fetei, pref\u0103c\u00e2ndu-se c\u0103 tr\u0103iesc \u00een fireasc\u0103 \u00eenso\u0163ire trupeasc\u0103, dar sub acest chip s\u0103 tr\u0103iasc\u0103 ca fratele cu sora.<\/p>\n<p>Cei doi so\u0163i s-au \u00eenvoit astfel s\u0103 tr\u0103iasc\u0103 \u00een deplin\u0103 cur\u0103\u0163ie \u015fi au \u00eenceput s\u0103 \u00eempart\u0103 mare parte din averea lor s\u0103racilor, Sf\u00e2ntul Teofan r\u0103m\u00e2n\u00e2nd s\u0103 \u00eendeplineasc\u0103 atribu\u0163iile de \u00eenalt func\u0163ionar al imperiului.<\/p>\n<p>Dup\u0103 moartea p\u0103rin\u0163ilor, s-au hot\u0103r\u00e2t am\u00e2ndoi pentru via\u0163a monahala, Sf\u00e2ntul Teofan a intrat \u00een M\u0103n\u0103stirea Polihroniu, \u00een Singriania, iar so\u0163ia sa, primind numele de Irina \u00een M\u0103n\u0103stirea Prinkipos.<\/p>\n<p>Timp de 6 ani a \u00eembinat rug\u0103ciunea cu munca, copiind diferite texte \u015fi ridic\u00e2nd un a\u015fez\u0103m\u00e2nt monahal \u00een insula Calonim.<\/p>\n<p>A participat la Sinodul al VII-lea ecumenic de la Niceea (787). \u00cen timpul mi\u015fc\u0103rii iconoclaste a fost exilat de Leon Armeanul (813-850) \u00een insula Samotracia. Deja b\u0103tr\u00e2n \u015fi bolnav, dup\u0103 23 de zile de exil a murit.<\/p>\n<p>Sf\u00e2ntul Grigorie Dialogul, pomenit de Biseric\u0103 \u00een 12 martie, s-a n\u0103scut la Roma, tat\u0103l s\u0103u, Gordian, era senator. Din familia sa at\u00e2t bunicii c\u00e2t \u015fi mama sa, Silvia, s-au sfin\u0163it, iar Sf\u00e2ntul Grigorie n\u0103sc\u00e2ndu-se \u00eentr-un astfel de neam sf\u00e2nt, \u00eenc\u0103 din tinere\u0163e a fost deprins cu faptele bune \u015fi cu dragostea de Dumnezeu. \u015ei, de\u015fi tr\u0103ia \u00een lume, el era monah prin via\u0163a \u015fi voin\u0163a sa.<\/p>\n<p>Dup\u0103 moartea tat\u0103lui, a \u00eenceput a s\u0103 \u00eempart\u0103 marea avere ce-i r\u0103m\u0103sese \u00een milostenii \u015fi pentru sfintele loca\u015furi.<\/p>\n<p>&#8222;\u00cen Sicilia a zidit \u015fase m\u0103n\u0103stiri, \u00eendestul\u00e2ndu-le cu toate cele de trebuin\u0163\u0103, iar a \u015faptea, \u00een Roma, \u00een\u0103untrul cet\u0103\u0163ii, \u00een cinstea Sf\u00e2ntului Apostol Andrei. Pref\u0103c\u00e2ndu-\u015fi \u00een m\u0103n\u0103stire casa sa, care era aproape de biserica Sfin\u0163ilor Mucenici Petru \u015fi Pavel, l\u00e2ng\u0103 muntele ce se numea Scvara, \u015fi \u00eentr-acea m\u0103n\u0103stire lep\u0103d\u00e2ndu-\u015fi hainele mirene\u015fti \u0163esute cu aur, \u00eempreun\u0103 cu perii de la tundere, s-a \u00eembr\u0103cat \u00een hainele cele de l\u00e2n\u0103 ale r\u00e2nduielii monahice\u015fti \u015fi s-a pov\u0103\u0163uit de iscusi\u0163ii stare\u0163i Maximian \u015fi Ilarion&#8221; (Vie\u0163ile Sfin\u0163ilor).<\/p>\n<p>Nu dup\u0103 mult\u0103 vreme, s-a f\u0103cut egumen al acelui a\u015fez\u0103m\u00e2nt.<\/p>\n<p>A fost ales episcop al Romei, \u00een timpul \u00eemp\u0103ratului Mavrichie (582-602).<\/p>\n<p><a href=\"https:\/\/www.realitatea.net\/stiri\/lifestyle\/sarbatoare-12-martie-sfinti-mari-sunt-cinstiti-astazi-de-credinciosi-sarbatoare-importanta-a-bisericii_65efdd9420a48d3a380d91c9\" target=\"_blank\">S\u0103rb\u0103toarea zilei, 11 martie 2025. Mari sfin\u021bi ai ortodoxiei, pomeni\u021bi \u00een calendarul cre\u0219tin<\/a><\/p>","protected":false},"excerpt":{"rendered":"<p>S\u0103rb\u0103toarea zilei, 12 martie 2025 Sf\u00e2ntul Cuvios Teofan M\u0103rturisitorul este pomenit \u00een calendarul cre\u015ftin ortodox&hellip;<\/p>\n","protected":false},"author":0,"featured_media":38670,"comment_status":"open","ping_status":"open","sticky":false,"template":"","format":"standard","meta":{"footnotes":""},"categories":[2],"tags":[],"class_list":["post-38677","post","type-post","status-publish","format-standard","has-post-thumbnail","hentry","category-actual"],"_links":{"self":[{"href":"https:\/\/247stiri.ro\/index.php\/wp-json\/wp\/v2\/posts\/38677","targetHints":{"allow":["GET"]}}],"collection":[{"href":"https:\/\/247stiri.ro\/index.php\/wp-json\/wp\/v2\/posts"}],"about":[{"href":"https:\/\/247stiri.ro\/index.php\/wp-json\/wp\/v2\/types\/post"}],"replies":[{"embeddable":true,"href":"https:\/\/247stiri.ro\/index.php\/wp-json\/wp\/v2\/comments?post=38677"}],"version-history":[{"count":0,"href":"https:\/\/247stiri.ro\/index.php\/wp-json\/wp\/v2\/posts\/38677\/revisions"}],"wp:featuredmedia":[{"embeddable":true,"href":"https:\/\/247stiri.ro\/index.php\/wp-json\/wp\/v2\/media\/38670"}],"wp:attachment":[{"href":"https:\/\/247stiri.ro\/index.php\/wp-json\/wp\/v2\/media?parent=38677"}],"wp:term":[{"taxonomy":"category","embeddable":true,"href":"https:\/\/247stiri.ro\/index.php\/wp-json\/wp\/v2\/categories?post=38677"},{"taxonomy":"post_tag","embeddable":true,"href":"https:\/\/247stiri.ro\/index.php\/wp-json\/wp\/v2\/tags?post=38677"}],"curies":[{"name":"wp","href":"https:\/\/api.w.org\/{rel}","templated":true}]}}