{"id":38685,"date":"2025-03-12T06:44:58","date_gmt":"2025-03-12T06:44:58","guid":{"rendered":"https:\/\/247stiri.ro\/index.php\/2025\/03\/12\/tren-cu-peste-400-de-persoane-deturnat-in-pakistan-155-de-pasageri-salvati-altii-sunt-tinuti-ostatici-27-dintre-teroristi-ar-fi-fost-ucisi\/"},"modified":"2025-03-12T06:44:58","modified_gmt":"2025-03-12T06:44:58","slug":"tren-cu-peste-400-de-persoane-deturnat-in-pakistan-155-de-pasageri-salvati-altii-sunt-tinuti-ostatici-27-dintre-teroristi-ar-fi-fost-ucisi","status":"publish","type":"post","link":"https:\/\/247stiri.ro\/index.php\/2025\/03\/12\/tren-cu-peste-400-de-persoane-deturnat-in-pakistan-155-de-pasageri-salvati-altii-sunt-tinuti-ostatici-27-dintre-teroristi-ar-fi-fost-ucisi\/","title":{"rendered":"Tren cu peste 400 de persoane, deturnat \u00een Pakistan: 155 de pasageri salva\u0163i, al\u0163ii sunt \u0163inu\u0163i ostatici. 27 dintre terori\u015fti ar fi fost uci\u015fi\u00a0"},"content":{"rendered":"<p>Militan\u0163ii au aruncat \u00een aer o cale ferat\u0103 \u015fi au deschis focul asupra trenului, mar\u0163i, \u00een timp ce acesta c\u0103l\u0103torea de la Quetta, capitala Balochistanului, la Peshawar, \u00een provincia Khyber Pakhtunkhwa.<\/p>\n<p>Armata de Eliberare Baloch (BLA), o grupare armat\u0103 etnic\u0103, a revendicat atacul \u015fi a amenin\u0163at c\u0103 va \u00eencepe execu\u0163ia ostaticilor, dac\u0103 prizonierii politici baloch, activi\u015ftii \u015fi cei disp\u0103ru\u0163i pe care \u00eei consider\u0103 r\u0103pi\u0163i de armat\u0103 nu vor fi elibera\u0163i \u00een termen de 48 de ore.<\/p>\n<p>Militan\u0163ii au f\u0103cut ca atentatorii purt\u00e2nd \u201dveste sinuciga\u015fe\u201d s\u0103 se a\u015feze l\u00e2ng\u0103 unii dintre ostatici, au declarat mai multe surse care au cerut s\u0103 nu fie numite. Acestea nu au precizat num\u0103rul ostaticilor, \u00eens\u0103 Ministerul de Interne a afirmat c\u0103 este \u00een curs o opera\u0163iune de salvare a acestora.<\/p>\n<p>BLA a declarat mar\u0163i c\u0103 de\u0163ine 214 persoane ostatice, iar o surs\u0103 de securitate a declarat pentru Reuters c\u0103 \u00een tren se aflau 425 de pasageri \u00een momentul \u00een care a fost atacat.<\/p>\n<p>Num\u0103rul militan\u0163ilor implica\u0163i \u00een atac nu a fost clar. Surse de securitate au declarat, miercuri, c\u0103 27 au fost uci\u015fi p\u00e2n\u0103 \u00een prezent.<\/p>\n<p>BLA este cea mai mare dintre mai multe grup\u0103ri armate etnice care lupt\u0103 \u00eempotriva guvernului pakistanez \u00een provincia Balochistan, bogat\u0103 \u00een minerale, la grani\u0163a cu Afganistanul \u015fi Iranul.<\/p>","protected":false},"excerpt":{"rendered":"<p>Militan\u0163ii au aruncat \u00een aer o cale ferat\u0103 \u015fi au deschis focul asupra trenului, mar\u0163i,&hellip;<\/p>\n","protected":false},"author":0,"featured_media":38686,"comment_status":"open","ping_status":"open","sticky":false,"template":"","format":"standard","meta":{"footnotes":""},"categories":[4],"tags":[],"class_list":["post-38685","post","type-post","status-publish","format-standard","has-post-thumbnail","hentry","category-extern"],"_links":{"self":[{"href":"https:\/\/247stiri.ro\/index.php\/wp-json\/wp\/v2\/posts\/38685","targetHints":{"allow":["GET"]}}],"collection":[{"href":"https:\/\/247stiri.ro\/index.php\/wp-json\/wp\/v2\/posts"}],"about":[{"href":"https:\/\/247stiri.ro\/index.php\/wp-json\/wp\/v2\/types\/post"}],"replies":[{"embeddable":true,"href":"https:\/\/247stiri.ro\/index.php\/wp-json\/wp\/v2\/comments?post=38685"}],"version-history":[{"count":0,"href":"https:\/\/247stiri.ro\/index.php\/wp-json\/wp\/v2\/posts\/38685\/revisions"}],"wp:featuredmedia":[{"embeddable":true,"href":"https:\/\/247stiri.ro\/index.php\/wp-json\/wp\/v2\/media\/38686"}],"wp:attachment":[{"href":"https:\/\/247stiri.ro\/index.php\/wp-json\/wp\/v2\/media?parent=38685"}],"wp:term":[{"taxonomy":"category","embeddable":true,"href":"https:\/\/247stiri.ro\/index.php\/wp-json\/wp\/v2\/categories?post=38685"},{"taxonomy":"post_tag","embeddable":true,"href":"https:\/\/247stiri.ro\/index.php\/wp-json\/wp\/v2\/tags?post=38685"}],"curies":[{"name":"wp","href":"https:\/\/api.w.org\/{rel}","templated":true}]}}