{"id":38700,"date":"2025-03-12T06:45:04","date_gmt":"2025-03-12T06:45:04","guid":{"rendered":"https:\/\/247stiri.ro\/index.php\/2025\/03\/12\/mii-de-romani-revoltati-dupa-decizia-ccr-in-cazul-lui-calin-georgescu-oamenii-acuza-autoritatile-ca-le-incalca-dreptul-de-a-alege-liber\/"},"modified":"2025-03-12T06:45:04","modified_gmt":"2025-03-12T06:45:04","slug":"mii-de-romani-revoltati-dupa-decizia-ccr-in-cazul-lui-calin-georgescu-oamenii-acuza-autoritatile-ca-le-incalca-dreptul-de-a-alege-liber","status":"publish","type":"post","link":"https:\/\/247stiri.ro\/index.php\/2025\/03\/12\/mii-de-romani-revoltati-dupa-decizia-ccr-in-cazul-lui-calin-georgescu-oamenii-acuza-autoritatile-ca-le-incalca-dreptul-de-a-alege-liber\/","title":{"rendered":"Mii de rom\u00e2ni, revolta\u021bi dup\u0103 decizia CCR \u00een cazul lui C\u0103lin Georgescu. Oamenii acuz\u0103 autorit\u0103\u021bile c\u0103 le \u00eencalc\u0103 dreptul de a alege liber"},"content":{"rendered":"<p>Dup\u0103 ce Biroul Electoral Central a respins candidatura lui C\u0103lin Georgescu, Curtea Constitu\u021bional\u0103 a men\u021binut decizia, pun\u00e2nd cap\u0103t oric\u0103rei posibilit\u0103\u021bi ca acesta s\u0103 participe la alegerile preziden\u021biale. Mul\u021bi dintre cei care au fost prezen\u021bi acuz\u0103 autorit\u0103\u021bile c\u0103 manipuleaz\u0103 procesul electoral.<\/p>\n<p>&#8222;Am venit dupa 8 zile din Anglia. Fata cea mijlocie nu-mi mai zicea tata, zicea &lt;&lt;nenea&gt;&gt;, si atunci n-am mai putut sa mai rezist, mi-a rupt in doua sufletul. Copilasii mei, dupa 8 luni, mi-au zis &lt;&lt;nenea&gt;&gt;, nu tata&#8221;, a spus un roman.<\/p>\n<p>Hot\u0103r\u00e2rea definitiv\u0103 a st\u00e2rnit un val de indignare \u00een r\u00e2ndul sus\u021bin\u0103torilor s\u0103i, care acuz\u0103 c\u0103 este o lovitur\u0103 la adresa democra\u021biei. Zeci de mii de oameni s-au adunat din nou \u00een fa\u021ba Cur\u021bii Constitu\u021bionale, care au scandat pentru alegeri libere \u0219i corecte, consider\u00e2nd c\u0103 respingerea candidaturii este un act abuziv.&#8221;Am iesit in strada de 3 luni de zile, pentru ca m-am saturat de acest guvern corupt, ptentruca sistemul este corupt&#8221;, spune un altul.&#8221;Mama mea acasa, in Moldova, are 82 de ani. Ma asteapta, in fiecare zi spune sa vin acasa, dar eu trebuie sa stau. As vrea sa stau langa popor, langa romani&#8221;, a declarat un protestatar.C\u0103lin Georgescu a anun\u021bat c\u0103 va c\u0103uta \u00een continuare solu\u021bii legale pentru a contesta deciziile autorit\u0103\u021bilor, \u00eens\u0103 hot\u0103r\u00e2rea CCR este final\u0103 \u0219i nu mai poate fi atacat\u0103.\u00a0<\/p>","protected":false},"excerpt":{"rendered":"<p>Dup\u0103 ce Biroul Electoral Central a respins candidatura lui C\u0103lin Georgescu, Curtea Constitu\u021bional\u0103 a men\u021binut&hellip;<\/p>\n","protected":false},"author":0,"featured_media":38701,"comment_status":"open","ping_status":"open","sticky":false,"template":"","format":"standard","meta":{"footnotes":""},"categories":[2],"tags":[],"class_list":["post-38700","post","type-post","status-publish","format-standard","has-post-thumbnail","hentry","category-actual"],"_links":{"self":[{"href":"https:\/\/247stiri.ro\/index.php\/wp-json\/wp\/v2\/posts\/38700","targetHints":{"allow":["GET"]}}],"collection":[{"href":"https:\/\/247stiri.ro\/index.php\/wp-json\/wp\/v2\/posts"}],"about":[{"href":"https:\/\/247stiri.ro\/index.php\/wp-json\/wp\/v2\/types\/post"}],"replies":[{"embeddable":true,"href":"https:\/\/247stiri.ro\/index.php\/wp-json\/wp\/v2\/comments?post=38700"}],"version-history":[{"count":0,"href":"https:\/\/247stiri.ro\/index.php\/wp-json\/wp\/v2\/posts\/38700\/revisions"}],"wp:featuredmedia":[{"embeddable":true,"href":"https:\/\/247stiri.ro\/index.php\/wp-json\/wp\/v2\/media\/38701"}],"wp:attachment":[{"href":"https:\/\/247stiri.ro\/index.php\/wp-json\/wp\/v2\/media?parent=38700"}],"wp:term":[{"taxonomy":"category","embeddable":true,"href":"https:\/\/247stiri.ro\/index.php\/wp-json\/wp\/v2\/categories?post=38700"},{"taxonomy":"post_tag","embeddable":true,"href":"https:\/\/247stiri.ro\/index.php\/wp-json\/wp\/v2\/tags?post=38700"}],"curies":[{"name":"wp","href":"https:\/\/api.w.org\/{rel}","templated":true}]}}