{"id":38708,"date":"2025-03-12T07:45:01","date_gmt":"2025-03-12T07:45:01","guid":{"rendered":"https:\/\/247stiri.ro\/index.php\/2025\/03\/12\/ion-cristoiu-despre-schimbarile-profunde-produse-de-candidatul-calin-georgescu-a-ridicat-standardul-de-politician\/"},"modified":"2025-03-12T07:45:01","modified_gmt":"2025-03-12T07:45:01","slug":"ion-cristoiu-despre-schimbarile-profunde-produse-de-candidatul-calin-georgescu-a-ridicat-standardul-de-politician","status":"publish","type":"post","link":"https:\/\/247stiri.ro\/index.php\/2025\/03\/12\/ion-cristoiu-despre-schimbarile-profunde-produse-de-candidatul-calin-georgescu-a-ridicat-standardul-de-politician\/","title":{"rendered":"Ion Cristoiu, despre SCHIMB\u0102RILE profunde produse de candidatul C\u0103lin Georgescu: A ridicat standardul de politician"},"content":{"rendered":"<p>&#8222;C\u0103lin Georgescu a f\u0103cut pentru rom\u00e2ni, \u00een calitate de candidat, mai mult dec\u00e2t dac\u0103 ar fi ajuns pre\u0219edinte.<\/p>\n<p>Candidatul C\u0103lin Georgescu a schimbat Rom\u00e2nia. A\u00a0redat rom\u00e2nilor \u00eencrederea c\u0103 e ceva de capul lor. Faptul c\u0103 el a reu\u0219it s\u0103 trezeasc\u0103 \u00een ace\u0219ti sus\u021bin\u0103tori, c\u0103 l-au votat tocmai pentru asta, arat\u0103 c\u0103 demnitatea asta rom\u00e2neasc\u0103 nu era chiar moart\u0103.<\/p>\n<p>A scos \u00een strad\u0103 drapelul Rom\u00e2niei. P\u00e2n\u0103 acum era pe la 1 decembrie, a\u0219a, vedeai la c\u00e2te o ma\u0219in\u0103 sau la c\u00e2te un balocn. Acum, p\u0103duri de steaguri. S\u0103 ai sus\u021bin\u0103tori care ies \u00een strad\u0103 ca semn distinct steagul Rom\u00e2niei era impresionant.<\/p>\n<p>A ar\u0103tata fa\u021ba h\u00e2d\u0103 a statului rom\u00e2n pentru c\u0103\u00a0 \u00een b\u0103t\u0103lia pentru a-l opri, toate institu\u021biile s-au compromis, s-au f\u0103cut de r\u00e2s.<\/p>\n<p>A readus nevoia rom\u00e2nilor de a face politic\u0103. \u00cen ultima vreme Rom\u00e2nii erau plictisi\u021bi, dar acum a reu\u0219it s\u0103 se discute despre politic\u0103 \u00eentr-o stare de&#8230; &#8211; oameni care nu f\u0103ceau politic\u0103 niciodat\u0103, deodat\u0103 au zis&lt;&lt;Eu, b\u0103i, ia&#8230;&gt;&gt; Au \u0219i zis c\u0103 merg la vot.<\/p>\n<p>A reabilitat func\u021bia de pre\u0219edinte, a atras aten\u021bia asupra dramei rom\u00e2nilor din str\u0103in\u0103tate.<\/p>\n<p>C\u0103lin Georgescu a ridicat standardul de politician. Nu \u0219tiu dac\u0103 domnul C\u0103lin Georgescu ar fi reu\u0219it s\u0103 reolu\u021bioneze Rom\u00e2nia dac\u0103 ar fi ajuns pre\u0219edinte. Sgur a revolu\u021bionat-o deja prin candidatura sa&#8221;, spune Ion Cristoiu.<\/p>","protected":false},"excerpt":{"rendered":"<p>&#8222;C\u0103lin Georgescu a f\u0103cut pentru rom\u00e2ni, \u00een calitate de candidat, mai mult dec\u00e2t dac\u0103 ar&hellip;<\/p>\n","protected":false},"author":0,"featured_media":38709,"comment_status":"open","ping_status":"open","sticky":false,"template":"","format":"standard","meta":{"footnotes":""},"categories":[3],"tags":[],"class_list":["post-38708","post","type-post","status-publish","format-standard","has-post-thumbnail","hentry","category-politica"],"_links":{"self":[{"href":"https:\/\/247stiri.ro\/index.php\/wp-json\/wp\/v2\/posts\/38708","targetHints":{"allow":["GET"]}}],"collection":[{"href":"https:\/\/247stiri.ro\/index.php\/wp-json\/wp\/v2\/posts"}],"about":[{"href":"https:\/\/247stiri.ro\/index.php\/wp-json\/wp\/v2\/types\/post"}],"replies":[{"embeddable":true,"href":"https:\/\/247stiri.ro\/index.php\/wp-json\/wp\/v2\/comments?post=38708"}],"version-history":[{"count":0,"href":"https:\/\/247stiri.ro\/index.php\/wp-json\/wp\/v2\/posts\/38708\/revisions"}],"wp:featuredmedia":[{"embeddable":true,"href":"https:\/\/247stiri.ro\/index.php\/wp-json\/wp\/v2\/media\/38709"}],"wp:attachment":[{"href":"https:\/\/247stiri.ro\/index.php\/wp-json\/wp\/v2\/media?parent=38708"}],"wp:term":[{"taxonomy":"category","embeddable":true,"href":"https:\/\/247stiri.ro\/index.php\/wp-json\/wp\/v2\/categories?post=38708"},{"taxonomy":"post_tag","embeddable":true,"href":"https:\/\/247stiri.ro\/index.php\/wp-json\/wp\/v2\/tags?post=38708"}],"curies":[{"name":"wp","href":"https:\/\/api.w.org\/{rel}","templated":true}]}}