{"id":38718,"date":"2025-03-12T07:45:05","date_gmt":"2025-03-12T07:45:05","guid":{"rendered":"https:\/\/247stiri.ro\/index.php\/2025\/03\/12\/un-sofer-bulgar-a-facut-prapad-pe-centura-de-nord-a-craiovei-doua-tir-uri-si-trei-masini-s-au-facut-zob\/"},"modified":"2025-03-12T07:45:05","modified_gmt":"2025-03-12T07:45:05","slug":"un-sofer-bulgar-a-facut-prapad-pe-centura-de-nord-a-craiovei-doua-tir-uri-si-trei-masini-s-au-facut-zob","status":"publish","type":"post","link":"https:\/\/247stiri.ro\/index.php\/2025\/03\/12\/un-sofer-bulgar-a-facut-prapad-pe-centura-de-nord-a-craiovei-doua-tir-uri-si-trei-masini-s-au-facut-zob\/","title":{"rendered":"Un \u0219ofer bulgar a f\u0103cut pr\u0103p\u0103d pe Centura de Nord a Craiovei. Dou\u0103 TIR-uri \u0219i trei ma\u0219ini s-au f\u0103cut zob"},"content":{"rendered":"<p>Din primele informa\u021bii, \u0219oferul bulgar nu a p\u0103strat distan\u021ba de siguran\u021b\u0103 \u0219i a lovit din spate un autoturism. Acesta a fost proiectat \u00eentr-o alt\u0103 ma\u0219in\u0103, care la r\u00e2ndul s\u0103u a izbit un al treilea vehicul.\u00a0<\/p>\n<p>Pentru a evita coliziunea, un alt \u0219ofer a tras brusc de volan \u0219i a ie\u0219it de pe carosabil.<\/p>\n\n<p>\u00cen urma acestui eveniment rutier, patru persoane au fost r\u0103nite \u0219i transportate de urgen\u021b\u0103 la spital pentru \u00eengrijiri medicale.<\/p>\n<p>To\u021bi \u0219oferii implica\u021bi \u00een acest <a href=\"https:\/\/www.realitatea.net\/stiri\/actual\/accident-grav-pe-dn2-supranumit-drumul-mortii-un-mort-si-doi-raniti-in-urma-impactului_67d09756af049c3fab5d0272\" target=\"_blank\">accident <\/a>au fost testa\u021bi de poli\u021bi\u0219ti cu aparatul etilotest, iar rezultatele au fost negative, cu o singur\u0103 excep\u021bie.\u00a0<\/p>\n<p>Un \u0219ofer \u00een v\u00e2rst\u0103 de 66 de ani avea o alcoolemie de 0,09 mg\/l alcool pur \u00een aerul expirat.<\/p>\n<p>\u00cen acest caz, oamenii legii au deschis o anchet\u0103 \u0219i urmeaz\u0103 s\u0103 stabileasc\u0103 circumstan\u021bele exacte ale accidentului.<\/p>","protected":false},"excerpt":{"rendered":"<p>Din primele informa\u021bii, \u0219oferul bulgar nu a p\u0103strat distan\u021ba de siguran\u021b\u0103 \u0219i a lovit din&hellip;<\/p>\n","protected":false},"author":0,"featured_media":38719,"comment_status":"open","ping_status":"open","sticky":false,"template":"","format":"standard","meta":{"footnotes":""},"categories":[2],"tags":[],"class_list":["post-38718","post","type-post","status-publish","format-standard","has-post-thumbnail","hentry","category-actual"],"_links":{"self":[{"href":"https:\/\/247stiri.ro\/index.php\/wp-json\/wp\/v2\/posts\/38718","targetHints":{"allow":["GET"]}}],"collection":[{"href":"https:\/\/247stiri.ro\/index.php\/wp-json\/wp\/v2\/posts"}],"about":[{"href":"https:\/\/247stiri.ro\/index.php\/wp-json\/wp\/v2\/types\/post"}],"replies":[{"embeddable":true,"href":"https:\/\/247stiri.ro\/index.php\/wp-json\/wp\/v2\/comments?post=38718"}],"version-history":[{"count":0,"href":"https:\/\/247stiri.ro\/index.php\/wp-json\/wp\/v2\/posts\/38718\/revisions"}],"wp:featuredmedia":[{"embeddable":true,"href":"https:\/\/247stiri.ro\/index.php\/wp-json\/wp\/v2\/media\/38719"}],"wp:attachment":[{"href":"https:\/\/247stiri.ro\/index.php\/wp-json\/wp\/v2\/media?parent=38718"}],"wp:term":[{"taxonomy":"category","embeddable":true,"href":"https:\/\/247stiri.ro\/index.php\/wp-json\/wp\/v2\/categories?post=38718"},{"taxonomy":"post_tag","embeddable":true,"href":"https:\/\/247stiri.ro\/index.php\/wp-json\/wp\/v2\/tags?post=38718"}],"curies":[{"name":"wp","href":"https:\/\/api.w.org\/{rel}","templated":true}]}}