{"id":38728,"date":"2025-03-12T08:44:47","date_gmt":"2025-03-12T08:44:47","guid":{"rendered":"https:\/\/247stiri.ro\/index.php\/2025\/03\/12\/romania-sub-cod-portocaliu-si-galben-de-vijelii-si-ploi-harta-cu-zonele-vizate-de-potop\/"},"modified":"2025-03-12T08:44:47","modified_gmt":"2025-03-12T08:44:47","slug":"romania-sub-cod-portocaliu-si-galben-de-vijelii-si-ploi-harta-cu-zonele-vizate-de-potop","status":"publish","type":"post","link":"https:\/\/247stiri.ro\/index.php\/2025\/03\/12\/romania-sub-cod-portocaliu-si-galben-de-vijelii-si-ploi-harta-cu-zonele-vizate-de-potop\/","title":{"rendered":"Rom\u00e2nia, sub cod portocaliu \u0219i galben de vijelii \u0219i ploi! HARTA cu zonele vizate de potop"},"content":{"rendered":"<p>Potrivit ANM, joi, 13 martie, \u00eentre orele 10:00 &#8211; 18:00, va fi Cod portocaliu de v\u00e2nt puternic \u00een jude\u021bele Constan\u021ba, Tulcea, estul jude\u021belor C\u0103l\u0103ra\u0219i \u0219i Ialomi\u021ba, Br\u0103ila, Gala\u021bi Vaslui, Cara\u0219-Severin, Timi\u0219, Arad, Bihor, Hunedoara, Alba \u0219i \u00een zona montan\u0103 a jude\u021bului Cluj.<\/p>\n<p>\u00cen aceste zone, vor fi intervale cu intensific\u0103ri puternice ale v\u00e2ntului, cu rafale, \u00een general, de 70 &#8211; 85 km\/h, \u00een timp ce \u00een zona montan\u0103 \u00eenalt\u0103 vor dep\u0103\u0219i 120 km\/h.<\/p>\n\n<p>De asemenea, pe parcursul zilei de joi, \u00eentre orele 6:00 &#8211; 22:00, va fi \u00een vigoare un Cod galben de vijelii \u00een cea mai mare parte a \u021b\u0103rii. Vor fi intensific\u0103ri cu viteze de 50 &#8211; 60 km\/h, local de 65 &#8211; 70 km\/h. Pe alocuri se vor semnala vijelii. \u00cen zona montan\u0103 \u00eenalt\u0103, \u00een general la altitudini mai mari de 1.700 de metri, rafalele vor dep\u0103\u0219i 90 &#8211; 110 km\/h.<\/p>\n<p>Potrivit meteorologilor, \u00een intervalul 13 martie, ora 2:00 &#8211; 15 martie, ora 18:00, va fi valabil\u0103 o informare de instabilitate atmosferic\u0103, cantit\u0103\u021bi de ap\u0103 \u00eensemnate \u0219i intensific\u0103ri ale v\u00e2ntului, ce vizeaz\u0103 \u00eentreaga \u021bar\u0103.<\/p>\n<p>Astfel, \u00een intervalul men\u021bionat, vor fi averse, pe alocuri \u00eenso\u021bite de desc\u0103rc\u0103ri electrice, iar \u00eendeosebi \u00een Carpa\u021bii Occidentali, nordul Carpa\u021bilor Orientali, vestul Carpa\u021bilor Meridionali \u0219i \u00een nordul Olteniei, \u00een intervale scurte de timp sau prin acumulare, vor fi cantit\u0103\u021bi de ap\u0103 de 15 &#8211; 25 l\/mp \u0219i local de peste 40 l\/mp. Izolat, va c\u0103dea grindin\u0103.<\/p>\n<p>Intensific\u0103ri ale v\u00e2ntului vor fi, joi, \u00een toate regiunile, cu viteze mai mari \u00een vest, est \u0219i sud-est, precum \u0219i la munte, iar vineri \u0219i s\u00e2mb\u0103t\u0103, \u00een special \u00een zonele de munte \u0219i \u00een vestul \u0219i \u00een centrul teritoriului.\u00a0<\/p>","protected":false},"excerpt":{"rendered":"<p>Potrivit ANM, joi, 13 martie, \u00eentre orele 10:00 &#8211; 18:00, va fi Cod portocaliu de&hellip;<\/p>\n","protected":false},"author":0,"featured_media":38729,"comment_status":"open","ping_status":"open","sticky":false,"template":"","format":"standard","meta":{"footnotes":""},"categories":[2],"tags":[],"class_list":["post-38728","post","type-post","status-publish","format-standard","has-post-thumbnail","hentry","category-actual"],"_links":{"self":[{"href":"https:\/\/247stiri.ro\/index.php\/wp-json\/wp\/v2\/posts\/38728","targetHints":{"allow":["GET"]}}],"collection":[{"href":"https:\/\/247stiri.ro\/index.php\/wp-json\/wp\/v2\/posts"}],"about":[{"href":"https:\/\/247stiri.ro\/index.php\/wp-json\/wp\/v2\/types\/post"}],"replies":[{"embeddable":true,"href":"https:\/\/247stiri.ro\/index.php\/wp-json\/wp\/v2\/comments?post=38728"}],"version-history":[{"count":0,"href":"https:\/\/247stiri.ro\/index.php\/wp-json\/wp\/v2\/posts\/38728\/revisions"}],"wp:featuredmedia":[{"embeddable":true,"href":"https:\/\/247stiri.ro\/index.php\/wp-json\/wp\/v2\/media\/38729"}],"wp:attachment":[{"href":"https:\/\/247stiri.ro\/index.php\/wp-json\/wp\/v2\/media?parent=38728"}],"wp:term":[{"taxonomy":"category","embeddable":true,"href":"https:\/\/247stiri.ro\/index.php\/wp-json\/wp\/v2\/categories?post=38728"},{"taxonomy":"post_tag","embeddable":true,"href":"https:\/\/247stiri.ro\/index.php\/wp-json\/wp\/v2\/tags?post=38728"}],"curies":[{"name":"wp","href":"https:\/\/api.w.org\/{rel}","templated":true}]}}