{"id":38731,"date":"2025-03-12T08:44:49","date_gmt":"2025-03-12T08:44:49","guid":{"rendered":"https:\/\/247stiri.ro\/index.php\/2025\/03\/12\/circ-total-la-bec-ponta-isi-depune-candidatura-la-prezidentiale-si-si-a-chemat-sustinatorii-cu-sepci-in-stil-trump\/"},"modified":"2025-03-12T08:44:49","modified_gmt":"2025-03-12T08:44:49","slug":"circ-total-la-bec-ponta-isi-depune-candidatura-la-prezidentiale-si-si-a-chemat-sustinatorii-cu-sepci-in-stil-trump","status":"publish","type":"post","link":"https:\/\/247stiri.ro\/index.php\/2025\/03\/12\/circ-total-la-bec-ponta-isi-depune-candidatura-la-prezidentiale-si-si-a-chemat-sustinatorii-cu-sepci-in-stil-trump\/","title":{"rendered":"Circ total la BEC. Ponta \u00ee\u0219i depune candidatura la preziden\u021biale \u0219i \u0219i-a chemat sus\u021bin\u0103torii cu \u0219epci \u00een stil Trump"},"content":{"rendered":"<p>\u00cen mai pu\u021bin de o ora trebuie s\u0103 ajung\u0103 la BEC \u0219i Victor Ponta. Au ajuns deja aici sus\u021bin\u0103torii s\u0103i, care au venit cu \u0219epci de campanie preg\u0103tite, dup\u0103 modelul lui Donald Trump.<\/p>\n<p>Este interesant\u0103 \u0219i ziua aleas\u0103 de Victor Ponta pentru a-\u0219i depune candidatura, pentru c\u0103 vine la o zi dup\u0103 ce C\u0103lin Georgescu a fost invalidat de CCR, dup\u0103 ce fostul lider PSD a \u00eencercat s\u0103 se lipeasc\u0103 de imaginea candidatului independent la preziden\u021biale.<\/p>\n<p><a title=\"@victorpontaoficial\" href=\"https:\/\/www.tiktok.com\/@victorpontaoficial?refer=embed\" target=\"_blank\">@victorpontaoficial<\/a> NU CEDAM NICIODAT\u0102! BATALIA CONTINUA ! SI VOM CASTIGA <a title=\"romaniapeprimulloc\" href=\"https:\/\/www.tiktok.com\/tag\/romaniapeprimulloc?refer=embed\" target=\"_blank\">#romaniapeprimulloc<\/a> <a title=\"\u266c original sound - VictorPontaOficial\" href=\"https:\/\/www.tiktok.com\/music\/original-sound-7480821111832333078?refer=embed\" target=\"_blank\">\u266c original sound &#8211; VictorPontaOficial<\/a><\/p>","protected":false},"excerpt":{"rendered":"<p>\u00cen mai pu\u021bin de o ora trebuie s\u0103 ajung\u0103 la BEC \u0219i Victor Ponta. Au&hellip;<\/p>\n","protected":false},"author":0,"featured_media":38727,"comment_status":"open","ping_status":"open","sticky":false,"template":"","format":"standard","meta":{"footnotes":""},"categories":[2],"tags":[],"class_list":["post-38731","post","type-post","status-publish","format-standard","has-post-thumbnail","hentry","category-actual"],"_links":{"self":[{"href":"https:\/\/247stiri.ro\/index.php\/wp-json\/wp\/v2\/posts\/38731","targetHints":{"allow":["GET"]}}],"collection":[{"href":"https:\/\/247stiri.ro\/index.php\/wp-json\/wp\/v2\/posts"}],"about":[{"href":"https:\/\/247stiri.ro\/index.php\/wp-json\/wp\/v2\/types\/post"}],"replies":[{"embeddable":true,"href":"https:\/\/247stiri.ro\/index.php\/wp-json\/wp\/v2\/comments?post=38731"}],"version-history":[{"count":0,"href":"https:\/\/247stiri.ro\/index.php\/wp-json\/wp\/v2\/posts\/38731\/revisions"}],"wp:featuredmedia":[{"embeddable":true,"href":"https:\/\/247stiri.ro\/index.php\/wp-json\/wp\/v2\/media\/38727"}],"wp:attachment":[{"href":"https:\/\/247stiri.ro\/index.php\/wp-json\/wp\/v2\/media?parent=38731"}],"wp:term":[{"taxonomy":"category","embeddable":true,"href":"https:\/\/247stiri.ro\/index.php\/wp-json\/wp\/v2\/categories?post=38731"},{"taxonomy":"post_tag","embeddable":true,"href":"https:\/\/247stiri.ro\/index.php\/wp-json\/wp\/v2\/tags?post=38731"}],"curies":[{"name":"wp","href":"https:\/\/api.w.org\/{rel}","templated":true}]}}