{"id":38732,"date":"2025-03-12T08:44:49","date_gmt":"2025-03-12T08:44:49","guid":{"rendered":"https:\/\/247stiri.ro\/index.php\/2025\/03\/12\/alte-doua-persoane-au-fost-retinute-in-dosarul-violentelor-instigatorilor-din-centrul-vechi-o-persoana-este-arestata\/"},"modified":"2025-03-12T08:44:49","modified_gmt":"2025-03-12T08:44:49","slug":"alte-doua-persoane-au-fost-retinute-in-dosarul-violentelor-instigatorilor-din-centrul-vechi-o-persoana-este-arestata","status":"publish","type":"post","link":"https:\/\/247stiri.ro\/index.php\/2025\/03\/12\/alte-doua-persoane-au-fost-retinute-in-dosarul-violentelor-instigatorilor-din-centrul-vechi-o-persoana-este-arestata\/","title":{"rendered":"Alte dou\u0103 persoane au fost RE\u021aINUTE \u00een dosarul violen\u021belor instigatorilor din Centrul Vechi. O persoan\u0103 este arestat\u0103"},"content":{"rendered":"<p>\u201dLa data de 11 martie 2025, procurorii Parchetului de pe l\u00e2ng\u0103 Tribunalul Bucure\u015fti au pus \u00een mi\u015fcare ac\u0163iunea penal\u0103 \u00eempotriva altor doi inculpa\u0163i, cerceta\u0163i pentru s\u0103v\u00e2r\u015firea infrac\u0163iunii de tulburare a ordinii \u015fi lini\u015ftii publice\u201d, a transmis, miercuri, Parchetul de pe l\u00e2ng\u0103 Trinunalul Bucure\u015fti.<\/p>\n<p>Procurorii precizeaz\u0103 c\u0103, \u00een noaptea de 9-10 martie 2025, cei doi b\u0103rba\u0163i au exercitat acte de violen\u0163\u0103 \u00eendreptate \u00eempotriva dispozitivelor de jandarmi desf\u0103\u015furate \u00een Centrul vechi cu ocazia protestelor din fa\u0163a sediului Biroului Electoral Central, arunc\u00e2nd cu obiecte contondente \u00een direc\u0163ia for\u0163elor de ordine, iar prin aceasta au tulburat ordinea \u015fi lini\u015ftea public\u0103.<\/p>\n<p>\u201d\u00cen cauz\u0103 sunt administrate \u015fi alte probe pentru stabilirea tuturor urm\u0103rilor ac\u0163iunilor inculpa\u0163ilor, urm\u00e2nd a fi luate m\u0103suri legale \u00een consecin\u0163\u0103. De asemenea, se efectueaz\u0103 activit\u0103\u0163i pentru identificarea tuturor persoanelor care au exercitat acte similare \u00een contextul protestului amintit. Procurorii au dispus re\u0163inerea pentru 24 de ore a celor doi inculpa\u0163i, urm\u00e2nd a fi sesizat judec\u0103torul de drepturi \u015fi libert\u0103\u0163i din cadrul Judec\u0103toriei Sectorului 3 Bucure\u015fti cu propunere de arestare preventiv\u0103 a acestora pentru 30 de zile\u201d, au mai transmis procurorii.<\/p>\n<p>Mar\u021bi, \u00een acela\u0219i dosar au re\u0163inu\u021bi trei b\u0103rba\u0163i. Dintre ace\u0219tia, unul a fost arestat, iar ceilal\u0163i doi sunt \u00een continuare cerceta\u0163i, dar f\u0103r\u0103 a se dispune m\u0103suri preventive.\u00a0 Ace\u0219tia vor fi \u00eens\u0103 prezenta\u0163i miercuri magistra\u0163ilor, urm\u00e2nd s\u0103 se ia o decizie \u00een cazul lor.\u00a0<\/p>","protected":false},"excerpt":{"rendered":"<p>\u201dLa data de 11 martie 2025, procurorii Parchetului de pe l\u00e2ng\u0103 Tribunalul Bucure\u015fti au pus&hellip;<\/p>\n","protected":false},"author":0,"featured_media":38733,"comment_status":"open","ping_status":"open","sticky":false,"template":"","format":"standard","meta":{"footnotes":""},"categories":[2],"tags":[],"class_list":["post-38732","post","type-post","status-publish","format-standard","has-post-thumbnail","hentry","category-actual"],"_links":{"self":[{"href":"https:\/\/247stiri.ro\/index.php\/wp-json\/wp\/v2\/posts\/38732","targetHints":{"allow":["GET"]}}],"collection":[{"href":"https:\/\/247stiri.ro\/index.php\/wp-json\/wp\/v2\/posts"}],"about":[{"href":"https:\/\/247stiri.ro\/index.php\/wp-json\/wp\/v2\/types\/post"}],"replies":[{"embeddable":true,"href":"https:\/\/247stiri.ro\/index.php\/wp-json\/wp\/v2\/comments?post=38732"}],"version-history":[{"count":0,"href":"https:\/\/247stiri.ro\/index.php\/wp-json\/wp\/v2\/posts\/38732\/revisions"}],"wp:featuredmedia":[{"embeddable":true,"href":"https:\/\/247stiri.ro\/index.php\/wp-json\/wp\/v2\/media\/38733"}],"wp:attachment":[{"href":"https:\/\/247stiri.ro\/index.php\/wp-json\/wp\/v2\/media?parent=38732"}],"wp:term":[{"taxonomy":"category","embeddable":true,"href":"https:\/\/247stiri.ro\/index.php\/wp-json\/wp\/v2\/categories?post=38732"},{"taxonomy":"post_tag","embeddable":true,"href":"https:\/\/247stiri.ro\/index.php\/wp-json\/wp\/v2\/tags?post=38732"}],"curies":[{"name":"wp","href":"https:\/\/api.w.org\/{rel}","templated":true}]}}