{"id":3874,"date":"2024-11-02T11:52:10","date_gmt":"2024-11-02T11:52:10","guid":{"rendered":"https:\/\/247stiri.ro\/index.php\/2024\/11\/02\/emil-boc-trebuie-sa-le-oferi-romanilor-motive-sa-ramana-acasa-si-calitate-a-vietii-pnl-poate-acest-lucru\/"},"modified":"2024-11-02T11:52:10","modified_gmt":"2024-11-02T11:52:10","slug":"emil-boc-trebuie-sa-le-oferi-romanilor-motive-sa-ramana-acasa-si-calitate-a-vietii-pnl-poate-acest-lucru","status":"publish","type":"post","link":"https:\/\/247stiri.ro\/index.php\/2024\/11\/02\/emil-boc-trebuie-sa-le-oferi-romanilor-motive-sa-ramana-acasa-si-calitate-a-vietii-pnl-poate-acest-lucru\/","title":{"rendered":"Emil Boc: \u201eTrebuie s\u0103 le oferi rom\u00e2nilor motive s\u0103 r\u0103m\u00e2n\u0103 acas\u0103 \u0219i calitate a vie\u021bii. PNL poate acest lucru\u201d"},"content":{"rendered":"<p>Boc a afirmat c\u0103 unul dintre cele mai importante aspecte ale viitorului Rom\u00e2niei este s\u0103 le ofere cet\u0103\u021benilor motive reale s\u0103 r\u0103m\u00e2n\u0103 acas\u0103, cum ar fi salarii mai mari, oportunit\u0103\u021bi de educa\u021bie superioar\u0103 \u0219i un model de administra\u021bie bazat pe meritocra\u021bie. Acesta insist\u0103 asupra ideii c\u0103 rom\u00e2nii trebuie s\u0103 vad\u0103 rezultate concrete \u0219i s\u0103 simt\u0103 c\u0103 eforturile lor sunt recunoscute \u0219i valorificate \u00een cadrul sistemului public.<\/p>\n<p>Un alt punct cheie adus \u00een discu\u021bie de primar este nevoia de a trece de la un model de administra\u021bie centralizat\u0103, adesea asociat cu vremuri comuniste, c\u0103tre o form\u0103 de guvernare care ofer\u0103 mai mult\u0103 autonomie autorit\u0103\u021bilor locale. Boc a subliniat c\u0103 descentralizarea este esen\u021bial\u0103 pentru a le oferi puterea \u0219i responsabilitatea necesare acestora de a r\u0103spunde nevoilor cet\u0103\u021benilor \u00een mod eficient \u0219i transparent.<\/p>\n<p><a title=\"Lansarea programului de guvernare al PNL, in prezenta lui Nicolae Ciuca si a conducerii liberale. Mesaje de forta de la liderii liberali- Live Text\" href=\"https:\/\/www.realitatea.net\/stiri\/actual\/nicolae-ciuca-impreuna-cu-bolojan-boc-si-alti-lideri-liberali-lanseaza-programul-de-guvernare-la-sinaia_6725e2cf8e3eb725652163ea\">Lansarea programului de guvernare al PNL, \u00een prezen\u021ba lui Nicolae Ciuc\u0103 \u0219i a conducerii liberale. Mesaje de for\u021b\u0103 de la liderii liberali- Live Text<\/a><\/p>\n<p>\u201eNoi suntem rom\u00e2ni, trece\u021bi batalioane rom\u00e2ne Carpa\u021bii \u0219i am \u00eencheiat asear\u0103 cu for\u021ba PNL: Ardealul, Moldova \u0219i \u021aara Rom\u00e2neasc\u0103 \u00eempreuna pentru Rom\u00e2nia, \u00eempreun\u0103 pentru Nicolae Ciuc\u0103, pre\u0219edintele Rom\u00e2niei.\u00a0Timp de patru ani am avut al\u0103turi de noi to\u021bi oficialii PNL \u0219i este \u00eentr-adev\u0103r momentul, ca \u00een 9 iunie, s\u0103 red\u0103m ceea ce e mai bun \u00een noi. Am purtat aseara o discutie, dar in final un coleg a spus c\u0103tre alt coleg, Ciuca al nostru pre\u0219edinte \u0219i PNL la guvernare.\u00a0<\/p>\n<p>\u00cen primul r\u00e2nd cred c\u0103 ne trebuie modestie, echilibru \u0219i s\u0103 recunoa\u0219tem c\u0103 nu suntem perfec\u021bi, ca am \u0219i gre\u0219it. Numai divinitatea are perfec\u021biune. Dar singura forma\u021biune capabil\u0103 s\u0103 aduc\u0103 pacea \u0219i prosperitatea este PNL.<\/p>\n<p>Dac\u0103 este sa vorbim de modelul de administra\u021bie, mi-am dat seama c\u0103 singura formatiune care poate da \u0219ansa \u0219i libertatea de \u00a0a r\u0103m\u00e2ne acas\u0103 \u00eenseamn\u0103 sa le dai rom\u00e2nilor motive s\u0103 ram\u00e2na acasa, salarii, \u0219coala, educa\u021bie mai bun\u0103, oamenii trebuie s\u0103 vad\u0103 meritocratie, dac\u0103 ai performat iti ocupi locul \u00een sistemul public. Cine altcineva poate vorbi de meritocratie? Doar noi suntem credibili. Trebuie s\u0103 le oferim aceste lucruri rom\u00e2nilor.\u00a0<\/p>\n<p>Este momentul s\u0103 trecem de la administra\u021bia comunist\u0103 la modul bazat pe descentralizare, asta \u00eenseamn\u0103 for\u021b\u0103 pentru autorit\u0103\u021bile locale, respect pentru cet\u0103\u021beni. Asta \u00eenseamn\u0103 s\u0103-\u021bi pese de \u021bara ta, cu un pre\u0219edinte cu o asemenea viziune, \u0219i un Guvern \u00een jurul PNL aceast\u0103 \u021bar\u0103 se va dezvolta.\u00a0<\/p>\n<p>Este datoria noastr\u0103 s\u0103 mergem acas\u0103, \u0219i nu trebuie s\u0103 v\u0103 dau lec\u021bii, \u0219ti\u021bi ce ave\u021bi de f\u0103cut, avem cel mai potrivit candidat pentru func\u021bia de pre\u0219edinte, noi mergem acolo pentru \u021bar\u0103 nu pentru func\u021bii. Vom aduce securitate, pace \u0219i protejarea democra\u021biei doar cu pre\u0219edintele nostru, Nicolae Ciuc\u0103\u201d, a spus Emil Boc \u00een cadrul evenimentului.<\/p>\n<p><a href=\"https:\/\/www.realitatea.net\/stiri\/actual\/rares-bogdan-noi-trebuie-sa-garantam-cota-unica-in-plus-tvaul-nu-creste-plafonul-la-microintreprinderi-nu-scade_672609b742f2811f8d611312\" target=\"_blank\" rel=\"noopener\">Rare\u0219 Bogdan: \u201eNoi trebuie s\u0103 garant\u0103m cota unic\u0103! \u00cen plus, TVA-ul nu cre\u0219te, plafonul la micro\u00eentreprinderi nu scade\u201d<\/a><\/p>","protected":false},"excerpt":{"rendered":"<p>Boc a afirmat c\u0103 unul dintre cele mai importante aspecte ale viitorului Rom\u00e2niei este s\u0103&hellip;<\/p>\n","protected":false},"author":0,"featured_media":3865,"comment_status":"open","ping_status":"open","sticky":false,"template":"","format":"standard","meta":{"footnotes":""},"categories":[2],"tags":[],"class_list":["post-3874","post","type-post","status-publish","format-standard","has-post-thumbnail","hentry","category-actual"],"_links":{"self":[{"href":"https:\/\/247stiri.ro\/index.php\/wp-json\/wp\/v2\/posts\/3874","targetHints":{"allow":["GET"]}}],"collection":[{"href":"https:\/\/247stiri.ro\/index.php\/wp-json\/wp\/v2\/posts"}],"about":[{"href":"https:\/\/247stiri.ro\/index.php\/wp-json\/wp\/v2\/types\/post"}],"replies":[{"embeddable":true,"href":"https:\/\/247stiri.ro\/index.php\/wp-json\/wp\/v2\/comments?post=3874"}],"version-history":[{"count":0,"href":"https:\/\/247stiri.ro\/index.php\/wp-json\/wp\/v2\/posts\/3874\/revisions"}],"wp:featuredmedia":[{"embeddable":true,"href":"https:\/\/247stiri.ro\/index.php\/wp-json\/wp\/v2\/media\/3865"}],"wp:attachment":[{"href":"https:\/\/247stiri.ro\/index.php\/wp-json\/wp\/v2\/media?parent=3874"}],"wp:term":[{"taxonomy":"category","embeddable":true,"href":"https:\/\/247stiri.ro\/index.php\/wp-json\/wp\/v2\/categories?post=3874"},{"taxonomy":"post_tag","embeddable":true,"href":"https:\/\/247stiri.ro\/index.php\/wp-json\/wp\/v2\/tags?post=3874"}],"curies":[{"name":"wp","href":"https:\/\/api.w.org\/{rel}","templated":true}]}}