{"id":38746,"date":"2025-03-12T09:45:47","date_gmt":"2025-03-12T09:45:47","guid":{"rendered":"https:\/\/247stiri.ro\/index.php\/2025\/03\/12\/candidatura-lui-crin-antonescu-la-prezidentiale-contestata-la-ccr-cei-i-se-imputa-candidatului-comun-al-coalitiei-psd-pnl-udmr\/"},"modified":"2025-03-12T09:45:47","modified_gmt":"2025-03-12T09:45:47","slug":"candidatura-lui-crin-antonescu-la-prezidentiale-contestata-la-ccr-cei-i-se-imputa-candidatului-comun-al-coalitiei-psd-pnl-udmr","status":"publish","type":"post","link":"https:\/\/247stiri.ro\/index.php\/2025\/03\/12\/candidatura-lui-crin-antonescu-la-prezidentiale-contestata-la-ccr-cei-i-se-imputa-candidatului-comun-al-coalitiei-psd-pnl-udmr\/","title":{"rendered":"Candidatura lui Crin Antonescu la preziden\u021biale, contestat\u0103 la CCR. Cei i se imput\u0103 candidatului comun al Coali\u021biei PSD-PNL-UDMR"},"content":{"rendered":"<p>Fostul primar al Clujului Gheorghe Funar a contestat, miercuri, la CCR candidatura lui Crin Antonescu la alegerile preziden\u021biale.<\/p>\n<p>Funar acuz\u0103 c\u0103 Biroul Electoral Central nu a respectat jurispruden\u021ba Cur\u021bii \u00een materia contenciosului electoral preziden\u021bial, cu referire la Hot\u0103r\u00e2rea nr. 2 din 5 octombrie 2024.<\/p>\n<p>Conform calendarului electorat aprobat de Guvern, cel mai t\u00e2rziu la data de 18 martie, candida\u021bii, partidele politice, organiza\u021biile cet\u0103\u021benilor apar\u021bin\u00e2nd minorit\u0103\u021bilor na\u021bionale, alian\u021bele politice, alian\u021bele electorale \u0219i aleg\u0103torii pot formula contesta\u021bii la CCR privind \u00eenregistrarea sau respingerea \u00eenregistr\u0103rii candidaturilor sau a semnelor electorale, dup\u0103 caz.<\/p>\n<p>Pe 19 martie CCR solu\u021bioneaz\u0103 contesta\u021biile prin hot\u0103r\u00e2ri definitive ce se comunic\u0103 Biroului Electoral Central \u0219i se public\u0103 \u00een Monitorul Oficial al Rom\u00e2niei.<\/p>\n<p>Cererea transmis\u0103 de Gheorghe Funar la CCR<\/p>\n<p>\u201eC\u0102TRE CURTEA CONSTITU\u021aIONAL\u0102 A ROM\u00c2NIEI<\/p>\n<p>Subsemnatul Funar Gheorghe, domiciliat \u00een Municipiul Cluj-Napoca, \u00een temeiul Legii nr.370\/2004 pentru alegerea Pre\u0219edintelui Rom\u00e2niei, cu modific\u0103rile \u0219i complet\u0103rile ulterioare, \u00een termenul legal de 24 de ore prev\u0103zut la art.31 din actul normativ mai sus ar\u0103tat, formulez prezenta \u00cempotriva Deciziei nr. 20 D din 11 martie 2025 a Biroului Electoral Central privind \u00eenregistrarea candidaturii independente a domnului ANTONESCU GEORGE-CRIN-LAUREN\u021aIU \u0219i a semnului electoral la alegerile pentru Pre\u0219edintele Rom\u00e2niei din anul 2025.<\/p>\n<p>V\u0103 solicit anularea Deciziei nr.20D din 11 martie 2025 a Biroului Electoral Central \u0219i s\u0103 respinge\u021bi \u00eenregistrarea candidaturii domnului ANTONESCU GEORGE-CRIN-LAUREN\u021aIU la alegerile pentru Pre\u0219edintele Rom\u00e2niei din anul 2025 deoarece Biroul Electoral Central nu a respectat jurispruden\u021ba Cur\u021bii Constitu\u021bionale a Rom\u00e2niei \u00een materia contenciosului electoral preziden\u021bial (a se vedea Hot\u0103r\u00e2rea nr. 2 din 5 octombrie 2024).<\/p>\n<p>Argumentele pentru anularea Deciziei nr.20 D din 11 martie 2025 a Biroului Electoral Central sunt urm\u0103toarele:<\/p>\n<p>1. Instan\u021ba de contencios constitu\u021bional a statuat \u00een sensul c\u0103 persoanele care candideaz\u0103 la alegerile pentru Pre\u0219edintele Rom\u00e2niei trebuie s\u0103 \u00eendeplineasc\u0103 condi\u021biile \u201ecare rezult\u0103 din formula sacrosant\u0103 a jur\u0103m\u00e2ntului depus de persoana aleas\u0103 \u00een func\u021bia de Pre\u0219edinte al Rom\u00e2niei\u201d \u0219i anume s\u0103 respecte Constitu\u021bia Rom\u00e2niei \u0219i s\u0103 apere democra\u021bia.<\/p>\n<p>Biroul Electoral Central nu a precizat \u00een motivarea Deciziei nr.20D din 11 martie 2025 c\u0103 a verificat \u00eendeplinirea condi\u021biilor care rezult\u0103 din textul jur\u0103m\u00e2ntului prev\u0103zut la articolul 82 aliniat 2 din Constitu\u021bie.<\/p>\n<p>\u00cen cazul candidatului ANTONESCU GEORGE-CRIN-LAUREN\u021aIU, verificarea condi\u021biilor stabilite de jurispruden\u021ba Cur\u021bii Constitu\u021bionale \u00een materia contenciosului electoral preziden\u021bial este foarte u\u0219oar\u0103 av\u00e2nd \u00een vedere c\u0103 acesta a fost ales dou\u0103 mandate ca senator de Teleorman \u0219i Bucure\u0219ti \u0219i trei mandate deputat de Tulcea, Teleorman \u0219i Bucure\u0219ti.<\/p>\n<p>De asemenea, domnul ANTONESCU GEORGE-CRIN-LAUREN\u021aIU a fost ministru al Sportului \u00eentre anii 1997-2000 \u0219i a ocupat func\u021bia de Pre\u0219edinte interimar al Rom\u00e2niei, timp de aproape dou\u0103 luni, atunci c\u00e2nd a fost suspendat din func\u021bie Pre\u0219edintele Rom\u00e2niei Traian B\u0103sescu. \u00cen toate aceste func\u021bii, domnul ANTONESCU GEORGE-CRIN-LAUREN\u021aIU a dovedit prin fapte c\u0103 nu poate \u00eendeplini \u00eentocmai prevederile jur\u0103m\u00e2ntului pe care l-a depus \u00een Parlamentul Rom\u00e2niei.<\/p>\n<p>Un exemplu concret \u00eel constituie numeroasele absen\u021be de la lucr\u0103rile Camerei Deputa\u021bilor \u0219i Senatului. \u00cen clasamentele \u00eentocmite de ziari\u0219ti cu privire la absen\u021bele de la lucr\u0103rile Parlamentului, de regul\u0103, domnul ANTONESCU GEORGE-CRIN-LAUREN\u021aIU a ocupat unul dintre primele trei locuri. Este de notorietate faptul c\u0103 atunci c\u00e2nd domnul ANTONESCU GEORGE-CRIN-LAUREN\u021aIU a fost Pre\u0219edinte al Senatului Rom\u00e2niei acesta a lipsit foarte multe zile de la locul de munc\u0103. \u00cen sesiunea Senatului din toamna anului 2011 domnul ANTONESCU GEORGE-CRIN-LAUREN\u021aIU nu a avut nicio prezen\u021b\u0103 la Senat, conform Institutului pentru Politici Publice.<\/p>\n<p>La \u00eenceputul ocup\u0103rii acestor func\u021bii domnul ANTONESCU GEORGE-CRIN-LAUREN\u021aIU a depus urm\u0103torul jur\u0103m\u00e2nt prev\u0103zut la articolul 82 aliniatul 2 din Constitu\u021bia Rom\u00e2niei: \u201cJur s\u0103-mi d\u0103ruiesc toat\u0103 puterea \u015fi priceperea pentru prop\u0103\u015firea spiritual\u0103 \u015fi material\u0103 a poporului rom\u00e2n, s\u0103 respect Constitu\u0163ia \u015fi legile \u0163\u0103rii, s\u0103 ap\u0103r democra\u0163ia, drepturile \u015fi libert\u0103\u0163ile fundamentale ale cet\u0103\u0163enilor, suveranitatea, independen\u0163a, unitatea \u015fi integritatea teritorial\u0103 a Rom\u00e2niei. A\u015fa s\u0103-mi ajute Dumnezeu!\u201d.<\/p>","protected":false},"excerpt":{"rendered":"<p>Fostul primar al Clujului Gheorghe Funar a contestat, miercuri, la CCR candidatura lui Crin Antonescu&hellip;<\/p>\n","protected":false},"author":0,"featured_media":38747,"comment_status":"open","ping_status":"open","sticky":false,"template":"","format":"standard","meta":{"footnotes":""},"categories":[3],"tags":[],"class_list":["post-38746","post","type-post","status-publish","format-standard","has-post-thumbnail","hentry","category-politica"],"_links":{"self":[{"href":"https:\/\/247stiri.ro\/index.php\/wp-json\/wp\/v2\/posts\/38746","targetHints":{"allow":["GET"]}}],"collection":[{"href":"https:\/\/247stiri.ro\/index.php\/wp-json\/wp\/v2\/posts"}],"about":[{"href":"https:\/\/247stiri.ro\/index.php\/wp-json\/wp\/v2\/types\/post"}],"replies":[{"embeddable":true,"href":"https:\/\/247stiri.ro\/index.php\/wp-json\/wp\/v2\/comments?post=38746"}],"version-history":[{"count":0,"href":"https:\/\/247stiri.ro\/index.php\/wp-json\/wp\/v2\/posts\/38746\/revisions"}],"wp:featuredmedia":[{"embeddable":true,"href":"https:\/\/247stiri.ro\/index.php\/wp-json\/wp\/v2\/media\/38747"}],"wp:attachment":[{"href":"https:\/\/247stiri.ro\/index.php\/wp-json\/wp\/v2\/media?parent=38746"}],"wp:term":[{"taxonomy":"category","embeddable":true,"href":"https:\/\/247stiri.ro\/index.php\/wp-json\/wp\/v2\/categories?post=38746"},{"taxonomy":"post_tag","embeddable":true,"href":"https:\/\/247stiri.ro\/index.php\/wp-json\/wp\/v2\/tags?post=38746"}],"curies":[{"name":"wp","href":"https:\/\/api.w.org\/{rel}","templated":true}]}}