{"id":38751,"date":"2025-03-12T09:45:49","date_gmt":"2025-03-12T09:45:49","guid":{"rendered":"https:\/\/247stiri.ro\/index.php\/2025\/03\/12\/doi-frati-gemeni-de-12-ani-exploatati-prin-munca-fortata-cu-sprijinul-fratelui-lor-mai-mare\/"},"modified":"2025-03-12T09:45:49","modified_gmt":"2025-03-12T09:45:49","slug":"doi-frati-gemeni-de-12-ani-exploatati-prin-munca-fortata-cu-sprijinul-fratelui-lor-mai-mare","status":"publish","type":"post","link":"https:\/\/247stiri.ro\/index.php\/2025\/03\/12\/doi-frati-gemeni-de-12-ani-exploatati-prin-munca-fortata-cu-sprijinul-fratelui-lor-mai-mare\/","title":{"rendered":"Doi fra\u021bi gemeni de 12 ani, exploata\u021bi prin munc\u0103 for\u021bat\u0103 cu sprijinul fratelui lor mai mare"},"content":{"rendered":"<p>Potrivit unui comunicat transmis miercuri de DIICOT, procurorii de la Ploie\u0219ti au re\u021binut \u00een aceast\u0103 spe\u021b\u0103 trei inculpa\u021bi, cu v\u00e2rstele de 22, 30 \u0219i 52 de ani, \u0219i au dispus m\u0103sura controlului judiciar fa\u021b\u0103 de un inculpat de 23 de ani, ace\u0219tia fiind cerceta\u021bi pentru trafic de minori \u0219i supunere la munc\u0103 for\u021bat\u0103 sau obligatorie.<\/p>\n<p>&#8222;Materialul probator a reliefat c\u0103, \u00een anul 2023, trei dintre inculpa\u021bi, membri ai aceleia\u0219i familii, au recrutat, transportat \u0219i ad\u0103postit dou\u0103 victime minore, fra\u021bi gemeni \u00een v\u00e2rst\u0103 de 12 ani \u0219i 2 luni la momentul recrut\u0103rii, \u00een vederea exploat\u0103rii acestora prin supunere la munc\u0103 for\u021bat\u0103. Cele dou\u0103 victime au fost obligate, inclusiv prin acte de constr\u00e2ngere fizic\u0103 \u0219i psihic\u0103, s\u0103 presteze munci dificile \u00een diferite loca\u021bii situate pe raza jude\u021belor Ilfov \u0219i Prahova \u0219i \u00een municipiului Bucure\u0219ti, inculpa\u021bii profit\u00e2nd de imposibilitatea acestora de a se ap\u0103ra, cauzat\u0103 at\u00e2t de v\u00e2rsta fraged\u0103, c\u00e2t \u0219i de starea de v\u0103dit\u0103 vulnerabilitate (familie modest\u0103, monoparental\u0103, lipsa de reac\u021bie a p\u0103rintelui pentru stoparea st\u0103rii de exploatare). Cercet\u0103rile efectuate au mai relevat c\u0103 inculpatul \u00een v\u00e2rst\u0103 de 23 de ani, frate al victimelor, a sprijinit at\u00e2t recrutarea, c\u00e2t \u0219i exploatarea celor doi minori&#8221;, precizeaz\u0103 sursa citat\u0103.<\/p>\n<p>Dup\u0103 aducerea celor doi minori \u00een stare de aservire, inculpa\u021bii i-au obligat s\u0103 presteze munci fizice incompatibile cu v\u00e2rsta, \u00eenc\u0103lc\u00e2nd flagrant prevederile Codului muncii care interzice \u00eencadrarea \u00een munc\u0103 a persoanelor sub v\u00e2rsta de 15 ani, spun anchetatorii.<\/p>\n<p>&#8222;Astfel, victimele au fost obligate s\u0103 \u00eencarce\/descarce cantit\u0103\u021bi mari de materiale de construc\u021bii, de fructe, s\u0103 taie \u0219i s\u0103 care lemne, s\u0103 ridice st\u00e2lpi, s\u0103 toarne beton, s\u0103 desf\u0103\u0219oare munci la edificarea unui imobil, s\u0103 presteze activit\u0103\u021bi de v\u00e2nzare, pe perioade de timp \u00eendelungate care dep\u0103\u0219eau uneori 16-18 ore pe zi. \u00cen contextul exploat\u0103rii, at\u00e2t inculpa\u021bii, c\u00e2t \u0219i alte persoane au realizat film\u0103ri, pe care le-au postat \u00een mediul online, unul din cei doi minori fiind surprins dormind, \u00eentr-un vehicul de transport&#8221;, se mai men\u021bioneaz\u0103 \u00een comunicat.<\/p>\n<p>\u00cen acest dosar au fost puse \u00een aplicare mandate de perchezi\u021bie la locuin\u021bele inculpa\u021bilor, fiind identificate \u0219i ridicate mai multe mijloace de prob\u0103.<\/p>\n<p>\u00cen cursul zilei de miercuri a fost sesizat judec\u0103torul de drepturi \u0219i libert\u0103\u021bi din cadrul Tribunalului Prahova cu propunerea de arestare preventiv\u0103 a inculpa\u021bilor re\u021binu\u021bi, pentru o perioad\u0103 de 30 de zile.<\/p>\n<p>Activit\u0103\u021bile judiciare au fost realizate \u00eempreun\u0103 cu poli\u021bi\u0219tii Brig\u0103zii de Combatere a Criminalit\u0103\u021bii Organizate Ploie\u0219ti.<\/p>\n<p>Ac\u021biunea a beneficiat de sprijinul lupt\u0103torilor Serviciului Interven\u021bii \u0219i Ac\u021biuni Speciale din IGPR, Serviciului Ac\u021biuni Speciale din cadrul Inspectoratului Jude\u021bean de Poli\u021bie Prahova \u0219i jandarmilor din cadrul Inspectoratului Jude\u021bean de Jandarmi Prahova.\u00a0<\/p>","protected":false},"excerpt":{"rendered":"<p>Potrivit unui comunicat transmis miercuri de DIICOT, procurorii de la Ploie\u0219ti au re\u021binut \u00een aceast\u0103&hellip;<\/p>\n","protected":false},"author":0,"featured_media":38752,"comment_status":"open","ping_status":"open","sticky":false,"template":"","format":"standard","meta":{"footnotes":""},"categories":[2],"tags":[],"class_list":["post-38751","post","type-post","status-publish","format-standard","has-post-thumbnail","hentry","category-actual"],"_links":{"self":[{"href":"https:\/\/247stiri.ro\/index.php\/wp-json\/wp\/v2\/posts\/38751","targetHints":{"allow":["GET"]}}],"collection":[{"href":"https:\/\/247stiri.ro\/index.php\/wp-json\/wp\/v2\/posts"}],"about":[{"href":"https:\/\/247stiri.ro\/index.php\/wp-json\/wp\/v2\/types\/post"}],"replies":[{"embeddable":true,"href":"https:\/\/247stiri.ro\/index.php\/wp-json\/wp\/v2\/comments?post=38751"}],"version-history":[{"count":0,"href":"https:\/\/247stiri.ro\/index.php\/wp-json\/wp\/v2\/posts\/38751\/revisions"}],"wp:featuredmedia":[{"embeddable":true,"href":"https:\/\/247stiri.ro\/index.php\/wp-json\/wp\/v2\/media\/38752"}],"wp:attachment":[{"href":"https:\/\/247stiri.ro\/index.php\/wp-json\/wp\/v2\/media?parent=38751"}],"wp:term":[{"taxonomy":"category","embeddable":true,"href":"https:\/\/247stiri.ro\/index.php\/wp-json\/wp\/v2\/categories?post=38751"},{"taxonomy":"post_tag","embeddable":true,"href":"https:\/\/247stiri.ro\/index.php\/wp-json\/wp\/v2\/tags?post=38751"}],"curies":[{"name":"wp","href":"https:\/\/api.w.org\/{rel}","templated":true}]}}