{"id":38755,"date":"2025-03-12T09:45:51","date_gmt":"2025-03-12T09:45:51","guid":{"rendered":"https:\/\/247stiri.ro\/index.php\/2025\/03\/12\/mesajul-comisarului-general-al-garzii-nationale-de-mediu-la-aniversarea-a-22-de-ani-de-activitate\/"},"modified":"2025-03-12T09:45:51","modified_gmt":"2025-03-12T09:45:51","slug":"mesajul-comisarului-general-al-garzii-nationale-de-mediu-la-aniversarea-a-22-de-ani-de-activitate","status":"publish","type":"post","link":"https:\/\/247stiri.ro\/index.php\/2025\/03\/12\/mesajul-comisarului-general-al-garzii-nationale-de-mediu-la-aniversarea-a-22-de-ani-de-activitate\/","title":{"rendered":"Mesajul Comisarului General al G\u0103rzii Na\u021bionale de Mediu la aniversarea a 22 de ani de activitate"},"content":{"rendered":"<p>\u00cen contextul \u00een care ast\u0103zi, 12 Martie 2025, Garda Na\u021bional\u0103 de Mediu aniverseaz\u0103 22 de ani de activitate, Comisarul General al G\u0103rzii Na\u021bionale de Mediu, dl. Andrei Rudolf Corlan, a transmis urm\u0103torul mesaj:\u00a0\u201eGARDA DE MEDIU &#8211; 22 DE ANI IN SLUJBA MEDIULUI \u00ceNCONJUR\u0102TORAcum 22 de ani se \u00eenfiin\u021ba Garda Na\u021bional\u0103 de Mediu, \u00een contextul ader\u0103rii Rom\u00e2niei la Uniunea European\u0103.O ini\u021biativ\u0103 ambi\u021bioas\u0103, o institu\u021bie nou\u0103, \u00eentr-un cadru legislativ de mediu, la \u00eenceput de drum.Denumit\u0103, \u00een 2003, Garda de Mediu \u0219i redenumit\u0103 Garda Na\u021bional\u0103 de Mediu, \u00eencep\u00e2nd din 2005, a fost fondat\u0103 de oameni extrem de bine preg\u0103ti\u021bi, care au pus bazele a ceea ce \u00eenseamn\u0103 institu\u021bia de ast\u0103zi: un reper \u00een ceea ce prive\u0219te protec\u021bia mediului \u0219i aplicarea principiului s\u0103u de baz\u0103: &#8222;poluatorul pl\u0103te\u0219te!&#8221; .A fost o onoare pentru mine, acum 16 ani, s\u0103 fiu acceptat comisar \u00een r\u00e2ndurile G\u0103rzii Na\u0163ionale de Mediu.Este o \u0219i mai mare onoare ca ast\u0103zi, \u00een calitate de Comisar General, s\u0103 mul\u021bumesc colegilor de ast\u0103zi \u0219i de ieri, pentru activitatea desf\u0103\u0219urat\u0103, pentru efortul zilnic depus astfel \u00eenc\u00e2t s\u0103 fim prestigioasa institu\u021bie care suntem ast\u0103zi.Dragi colegi, protejarea mediului \u00eenconjur\u0103tor, protejarea cet\u0103\u021beanului \u0219i protejarea blazonului G\u0103rzii Na\u0163ionale de Mediu sunt cei 3 piloni pe care ne-am \u00eenfiin\u021bat, pe care ne baz\u0103m fiecare ac\u021biune \u0219i prin care vom duce institu\u021bia \u00een etapa urm\u0103toare. Fi\u021bi m\u00e2ndri c\u0103 face\u021bi parte din aceast\u0103 important\u0103 misiune!La mul\u021bi ani!\u201d, a transmis Andrei Rudolf Corlan pe pagina de Facebook a G\u0103rzii de Mediu.\u00a0<\/p>","protected":false},"excerpt":{"rendered":"<p>\u00cen contextul \u00een care ast\u0103zi, 12 Martie 2025, Garda Na\u021bional\u0103 de Mediu aniverseaz\u0103 22 de&hellip;<\/p>\n","protected":false},"author":0,"featured_media":38756,"comment_status":"open","ping_status":"open","sticky":false,"template":"","format":"standard","meta":{"footnotes":""},"categories":[2],"tags":[],"class_list":["post-38755","post","type-post","status-publish","format-standard","has-post-thumbnail","hentry","category-actual"],"_links":{"self":[{"href":"https:\/\/247stiri.ro\/index.php\/wp-json\/wp\/v2\/posts\/38755","targetHints":{"allow":["GET"]}}],"collection":[{"href":"https:\/\/247stiri.ro\/index.php\/wp-json\/wp\/v2\/posts"}],"about":[{"href":"https:\/\/247stiri.ro\/index.php\/wp-json\/wp\/v2\/types\/post"}],"replies":[{"embeddable":true,"href":"https:\/\/247stiri.ro\/index.php\/wp-json\/wp\/v2\/comments?post=38755"}],"version-history":[{"count":0,"href":"https:\/\/247stiri.ro\/index.php\/wp-json\/wp\/v2\/posts\/38755\/revisions"}],"wp:featuredmedia":[{"embeddable":true,"href":"https:\/\/247stiri.ro\/index.php\/wp-json\/wp\/v2\/media\/38756"}],"wp:attachment":[{"href":"https:\/\/247stiri.ro\/index.php\/wp-json\/wp\/v2\/media?parent=38755"}],"wp:term":[{"taxonomy":"category","embeddable":true,"href":"https:\/\/247stiri.ro\/index.php\/wp-json\/wp\/v2\/categories?post=38755"},{"taxonomy":"post_tag","embeddable":true,"href":"https:\/\/247stiri.ro\/index.php\/wp-json\/wp\/v2\/tags?post=38755"}],"curies":[{"name":"wp","href":"https:\/\/api.w.org\/{rel}","templated":true}]}}