{"id":38757,"date":"2025-03-12T09:45:51","date_gmt":"2025-03-12T09:45:51","guid":{"rendered":"https:\/\/247stiri.ro\/index.php\/2025\/03\/12\/inca-o-pedeapsa-pentru-fostul-presedinte-georgian-mihail-saakasvili-9-ani-de-inchisoare\/"},"modified":"2025-03-12T09:45:51","modified_gmt":"2025-03-12T09:45:51","slug":"inca-o-pedeapsa-pentru-fostul-presedinte-georgian-mihail-saakasvili-9-ani-de-inchisoare","status":"publish","type":"post","link":"https:\/\/247stiri.ro\/index.php\/2025\/03\/12\/inca-o-pedeapsa-pentru-fostul-presedinte-georgian-mihail-saakasvili-9-ani-de-inchisoare\/","title":{"rendered":"\u00cenc\u0103 o pedeaps\u0103 pentru fostul pre\u015fedinte georgian Mihail Saaka\u015fvili: 9 ani de \u00eenchisoare"},"content":{"rendered":"<p>Televiziunea georgian\u0103 a ar\u0103tat scene de agita\u0163ie \u00een sala de judecat\u0103 dup\u0103 anun\u0163area verdictului, sus\u0163in\u0103torii lui Saaka\u015fvili numindu-l pe judec\u0103tor un \u201esclav\u201d al actualului guvern.<\/p>\n<p>Mihail Saaka\u015fvili, pre\u015fedintele pro-occidental al Georgiei \u00eentre 2004 \u015fi 2013, este \u00een prezent \u00een \u00eenchisoare isp\u0103\u015find o pedeaps\u0103 de \u015fase ani pentru abuz de putere. El a fost \u00eencarcerat dup\u0103 ce s-a \u00eentors \u00een Georgia \u00een 2021, dup\u0103 o perioad\u0103 petrecut\u0103 \u00een str\u0103in\u0103tate. El a isp\u0103\u015fit o mare parte din aceast\u0103 pedeaps\u0103 \u00eentr-un spital penitenciar.<\/p>\n<p>Saaka\u015fvili, o figur\u0103 extrem de polarizant\u0103 \u00een Georgia de ast\u0103zi, a ajuns la putere \u00een urma unui val de sus\u0163inere popular\u0103 \u00een timpul Revolu\u0163iei Trandafirilor din 2003. Ajuns la putere, el a reorientat Georgia c\u0103tre Occident \u015fi a demarat un ambi\u0163ios program de reform\u0103 a sectorului public, care a adus \u00eembun\u0103t\u0103\u0163iri rapide \u00een aceast\u0103 \u0163ar\u0103 de 3,7 milioane de locuitori din Caucazul de Sud.<\/p>\n<p>Cu toate acestea, ultima parte a mandatului s\u0103u a fost marcat\u0103 de autoritarism, brutalitatea poli\u0163iei \u015fi un r\u0103zboi dezastruos cu Rusia \u00een 2008.<\/p>\n<p>\u00a0<\/p>","protected":false},"excerpt":{"rendered":"<p>Televiziunea georgian\u0103 a ar\u0103tat scene de agita\u0163ie \u00een sala de judecat\u0103 dup\u0103 anun\u0163area verdictului, sus\u0163in\u0103torii&hellip;<\/p>\n","protected":false},"author":0,"featured_media":38745,"comment_status":"open","ping_status":"open","sticky":false,"template":"","format":"standard","meta":{"footnotes":""},"categories":[2],"tags":[],"class_list":["post-38757","post","type-post","status-publish","format-standard","has-post-thumbnail","hentry","category-actual"],"_links":{"self":[{"href":"https:\/\/247stiri.ro\/index.php\/wp-json\/wp\/v2\/posts\/38757","targetHints":{"allow":["GET"]}}],"collection":[{"href":"https:\/\/247stiri.ro\/index.php\/wp-json\/wp\/v2\/posts"}],"about":[{"href":"https:\/\/247stiri.ro\/index.php\/wp-json\/wp\/v2\/types\/post"}],"replies":[{"embeddable":true,"href":"https:\/\/247stiri.ro\/index.php\/wp-json\/wp\/v2\/comments?post=38757"}],"version-history":[{"count":0,"href":"https:\/\/247stiri.ro\/index.php\/wp-json\/wp\/v2\/posts\/38757\/revisions"}],"wp:featuredmedia":[{"embeddable":true,"href":"https:\/\/247stiri.ro\/index.php\/wp-json\/wp\/v2\/media\/38745"}],"wp:attachment":[{"href":"https:\/\/247stiri.ro\/index.php\/wp-json\/wp\/v2\/media?parent=38757"}],"wp:term":[{"taxonomy":"category","embeddable":true,"href":"https:\/\/247stiri.ro\/index.php\/wp-json\/wp\/v2\/categories?post=38757"},{"taxonomy":"post_tag","embeddable":true,"href":"https:\/\/247stiri.ro\/index.php\/wp-json\/wp\/v2\/tags?post=38757"}],"curies":[{"name":"wp","href":"https:\/\/api.w.org\/{rel}","templated":true}]}}