{"id":38759,"date":"2025-03-12T09:45:52","date_gmt":"2025-03-12T09:45:52","guid":{"rendered":"https:\/\/247stiri.ro\/index.php\/2025\/03\/12\/dan-tanasa-greva-parlamentara-este-un-semn-de-protest-la-aceasta-sarabanda\/"},"modified":"2025-03-12T09:45:52","modified_gmt":"2025-03-12T09:45:52","slug":"dan-tanasa-greva-parlamentara-este-un-semn-de-protest-la-aceasta-sarabanda","status":"publish","type":"post","link":"https:\/\/247stiri.ro\/index.php\/2025\/03\/12\/dan-tanasa-greva-parlamentara-este-un-semn-de-protest-la-aceasta-sarabanda\/","title":{"rendered":"Dan Tanas\u0103: \u201dGreva parlamentar\u0103 este un semn de protest la aceast\u0103 saraband\u0103\u201d"},"content":{"rendered":"<p>Politicianul a anun\u021bat c\u0103 <a href=\"https:\/\/www.realitatea.net\/stiri\/politica\/aur-a-decis-simion-merge-la-georgescu-cu-3-variante-de-prezidentiabili-partidul-intra-in-greva-parlamentara_67d0f3d73dbf090212246932\" target=\"_blank\">parlamentarii AUR <\/a>vor fi prezen\u021bi la munc\u0103, vor participa la audien\u021be cu cet\u0103\u021benii \u0219i la consf\u0103tuiri, \u00eens\u0103 refuz\u0103 s\u0103 participe la \u0219edin\u021bele de plen \u0219i la cele ale comisiilor Camerei Deputa\u021bilor \u0219i Senatului.\u00a0<\/p>\n<p>\u201d\u00cen mod evident, AUR al\u0103turi de celelalte forma\u021biuni suveraniste din Parlamentul Rom\u00e2niei alege s\u0103 protesteze \u00eentr-un mod democratic, \u00eentr-un mod constitu\u021bional, printr-o grev\u0103 parlamentar\u0103 pentru c\u0103 toate actele de procedur\u0103 cu privire la lovitura de stat sunt \u00een plin\u0103 desf\u0103\u0219urare ori noi nu putem s\u0103 gir\u0103m pentru c\u0103 aici \u00een Parlament sunt celelalte elemente ale grup\u0103rii care orchestreaz\u0103 lovitura de stat.\u00a0<\/p>\n<p>Elemente ale acestei grup\u0103ri sunt la CCR, alte elemente sunt \u00een BEC, alte elemente sunt aici \u00een Camera Deputa\u021bilor \u0219i \u00een Senatul Rom\u00e2niei. De aceea, grupurile parlamentare ale AUR au decis s\u0103 intre \u00een grev\u0103 parlamentar\u0103 ca form\u0103 de protest cu privire la aceast\u0103 saraband\u0103 care nu are nicio leg\u0103tur\u0103 cu democra\u021bia \u0219i cu Constitu\u021bia.<\/p>\n<p>Aceast\u0103 grev\u0103 parlamentar\u0103 \u00eenseamn\u0103 c\u0103 colegii no\u0219tri vor fi prezen\u021bi, aici la locul de munc\u0103. Parlamentarii AUR vor participa la audien\u021be, consf\u0103tuiri, \u00eens\u0103 refuz\u0103m particip\u0103m la \u0219edin\u021bele de plen \u0219i la \u0219edin\u021bele comisiilor Camerei Deputa\u021bilor \u0219i Senatului. Suntem aici prezen\u021bi la locul de munc\u0103, vom desf\u0103\u0219ura audien\u021be cu cet\u0103\u021benii, vom desf\u0103\u0219ura \u0219edin\u021be pentru organizare politic\u0103, \u00eens\u0103 vom refuza ca modalitate de protest la lucr\u0103rile de plen\u201d, a declarat purt\u0103torul de cuv\u00e2nt al AUR.<\/p>\n<p>\u00centrebat dac\u0103 \u00ee\u0219i asum\u0103 George Simion candidatura la alegerile preziden\u021biale, Dan Tanas\u0103 a r\u0103spuns: \u201dEu cred c\u0103 ar trebui s\u0103 fim cu to\u021bii mai aten\u021bi, nu la candida\u021bii care urmeaz\u0103 sau nu urmeaz\u0103 s\u0103 participe \u0219i cred c\u0103 ar fi important s\u0103 vedem ce are de zis opozi\u021bia, pentru c\u0103 dac\u0103 pretindem c\u0103 \u00een Rom\u00e2nia exist\u0103 democra\u021bie, credem c\u0103 este foarte important s\u0103 vedem ce are de spus \u0219i cealalt\u0103 parte, respectiv democra\u021bia. Pentru c\u0103 dac\u0103 pe noi ne preocup\u0103 doar ce spune puterea \u0219i ducem \u00een dreizoriu deciziile opozi\u021biei m\u0103 tem c\u0103 nu facem altceva dec\u00e2t s\u0103 reconfirm\u0103m faptul c\u0103 \u00een Rom\u00e2nia nu mai exist\u0103 democra\u021bie\u201d.\u00a0<\/p>\n<p>\u00cen ceea ce prive\u0219te pa\u0219ii pe care \u00eei va face AUR \u00een perioada urm\u0103toare, Dan Tanas\u0103 a subliniat c\u0103 ace\u0219tia vor fi deci\u0219i de C\u0103lin Georgescu.\u00a0<\/p>\n<p>\u201dAsear\u0103 dup\u0103 decizia CCR am avut o serie \u00eentreag\u0103 de discu\u021bii. Ne-am adunat, ne-am \u00eent\u00e2lnit pentru a vedea ce este de f\u0103cut. P\u00e2n\u0103 \u00een acest moment, noi ne baz\u0103m pe decizia consiliului de coordonare al forma\u021biunii politice AUR care a stabilit foarte clar c\u0103 noi vom sus\u021bine candidatura domnului C\u0103lin Georgescu. \u00cen acest moment, avem aceast\u0103 decizie halucinant\u0103, \u0219ocant\u0103, absolut ilegal\u0103 a CCR de aici r\u0103m\u00e2ne de v\u0103zut care sunt urm\u0103torii pa\u0219i. Urm\u0103torii pa\u0219i vor fi deci\u0219i de cel care are atributul de a decide ce urmeaz\u0103 s\u0103 se \u00eent\u00e2mple, iar acel atribut \u00eei revine exclusiv domnului C\u0103lin Georgescu pentru c\u0103 el este pre\u0219edintele ales al Rom\u00e2niei, este cel care a c\u00e2\u0219tigat turul 1 al alegerilor preziden\u021biale\u201d, a mai spus Dan Tanas\u0103.\u00a0<\/p>\n<p>De asemenea, Dan Tanas\u0103 a mai afirmat c\u0103 rom\u00e2nii vor avea un candidat suveranist la alegerile preziden\u0163iale.<\/p>\n<p>\u201dV\u0103 asigur\u0103m c\u0103 avem solu\u0163ii. Planul A fost turul doi \u00eenapoi, planul B a fost candidatura fireasc\u0103 a unui om care nu a fost condamnat niciodat\u0103, nu i s-a retras dreptul de a fi ales, cu siguran\u0163\u0103 avem planul C \u015fi cu siguran\u0163\u0103 ast\u0103zi, \u00een aceast\u0103 sear\u0103 \u00eel vom afla cu to\u0163ii cu siguran\u0163\u0103. Cel mai important este c\u0103 rom\u00e2nii vor avea un candidat suveranist, patriot pe care vom putea s\u0103 pun\u0103 \u015ftampila\u201d, a transmis purt\u0103torul de cuv\u00e2nt al AUR.<\/p>","protected":false},"excerpt":{"rendered":"<p>Politicianul a anun\u021bat c\u0103 parlamentarii AUR vor fi prezen\u021bi la munc\u0103, vor participa la audien\u021be&hellip;<\/p>\n","protected":false},"author":0,"featured_media":38749,"comment_status":"open","ping_status":"open","sticky":false,"template":"","format":"standard","meta":{"footnotes":""},"categories":[2],"tags":[],"class_list":["post-38759","post","type-post","status-publish","format-standard","has-post-thumbnail","hentry","category-actual"],"_links":{"self":[{"href":"https:\/\/247stiri.ro\/index.php\/wp-json\/wp\/v2\/posts\/38759","targetHints":{"allow":["GET"]}}],"collection":[{"href":"https:\/\/247stiri.ro\/index.php\/wp-json\/wp\/v2\/posts"}],"about":[{"href":"https:\/\/247stiri.ro\/index.php\/wp-json\/wp\/v2\/types\/post"}],"replies":[{"embeddable":true,"href":"https:\/\/247stiri.ro\/index.php\/wp-json\/wp\/v2\/comments?post=38759"}],"version-history":[{"count":0,"href":"https:\/\/247stiri.ro\/index.php\/wp-json\/wp\/v2\/posts\/38759\/revisions"}],"wp:featuredmedia":[{"embeddable":true,"href":"https:\/\/247stiri.ro\/index.php\/wp-json\/wp\/v2\/media\/38749"}],"wp:attachment":[{"href":"https:\/\/247stiri.ro\/index.php\/wp-json\/wp\/v2\/media?parent=38759"}],"wp:term":[{"taxonomy":"category","embeddable":true,"href":"https:\/\/247stiri.ro\/index.php\/wp-json\/wp\/v2\/categories?post=38759"},{"taxonomy":"post_tag","embeddable":true,"href":"https:\/\/247stiri.ro\/index.php\/wp-json\/wp\/v2\/tags?post=38759"}],"curies":[{"name":"wp","href":"https:\/\/api.w.org\/{rel}","templated":true}]}}