{"id":3876,"date":"2024-11-02T11:52:10","date_gmt":"2024-11-02T11:52:10","guid":{"rendered":"https:\/\/247stiri.ro\/index.php\/2024\/11\/02\/premierul-pedro-sanchez-a-anuntat-un-nou-bilant-al-inundatiilor-din-spania-cel-putin-211-oameni-au-fost-ucisi-de-furia-apelor\/"},"modified":"2024-11-02T11:52:10","modified_gmt":"2024-11-02T11:52:10","slug":"premierul-pedro-sanchez-a-anuntat-un-nou-bilant-al-inundatiilor-din-spania-cel-putin-211-oameni-au-fost-ucisi-de-furia-apelor","status":"publish","type":"post","link":"https:\/\/247stiri.ro\/index.php\/2024\/11\/02\/premierul-pedro-sanchez-a-anuntat-un-nou-bilant-al-inundatiilor-din-spania-cel-putin-211-oameni-au-fost-ucisi-de-furia-apelor\/","title":{"rendered":"Premierul Pedro Sanchez a anun\u021bat un nou bilan\u0163 al inunda\u021biilor din Spania. Cel pu\u0163in 211 oameni au fost uci\u0219i de furia apelor"},"content":{"rendered":"<p>Echipele de salvare desf\u0103\u015furate \u00een zonele sinistrate au &#8222;localizat \u015fi \u00eenregistrat 211 mor\u0163i&#8221;, a declarat \u015feful guvernului spaniol \u00een cadrul unei declara\u0163ii institu\u0163ionale, preciz\u00e2nd c\u0103 opera\u0163iunile continu\u0103 pentru g\u0103sirea persoanelor date disp\u0103rute.Totodat\u0103, Sanchez a anun\u0163at c\u0103 executivul s\u0103u va trimite \u00eenc\u0103 5.000 de militari \u00een zona afectat\u0103 din provincia Valencia, din estul Spaniei, (4.000 vor sosi chiar \u00een aceast\u0103 s\u00e2mb\u0103t\u0103) \u015fi tot at\u00e2\u0163ia poli\u0163i\u015fti, ajung\u00e2ndu-se la un total de 10.000 de agen\u0163i din aceste dou\u0103 corpuri, transmite EFE.<\/p>\n<p><a href=\"https:\/\/www.realitatea.net\/stiri\/actual\/rares-bogdan-noi-trebuie-sa-garantam-cota-unica-in-plus-tvaul-nu-creste-plafonul-la-microintreprinderi-nu-scade_672609b742f2811f8d611312\" target=\"_blank\" rel=\"noopener\">Rare\u0219 Bogdan: \u201eNoi trebuie s\u0103 garant\u0103m cota unic\u0103! \u00cen plus, TVA-ul nu cre\u0219te, plafonul la micro\u00eentreprinderi nu scade\u201d<\/a><\/p>","protected":false},"excerpt":{"rendered":"<p>Echipele de salvare desf\u0103\u015furate \u00een zonele sinistrate au &#8222;localizat \u015fi \u00eenregistrat 211 mor\u0163i&#8221;, a declarat&hellip;<\/p>\n","protected":false},"author":0,"featured_media":3863,"comment_status":"open","ping_status":"open","sticky":false,"template":"","format":"standard","meta":{"footnotes":""},"categories":[2],"tags":[],"class_list":["post-3876","post","type-post","status-publish","format-standard","has-post-thumbnail","hentry","category-actual"],"_links":{"self":[{"href":"https:\/\/247stiri.ro\/index.php\/wp-json\/wp\/v2\/posts\/3876","targetHints":{"allow":["GET"]}}],"collection":[{"href":"https:\/\/247stiri.ro\/index.php\/wp-json\/wp\/v2\/posts"}],"about":[{"href":"https:\/\/247stiri.ro\/index.php\/wp-json\/wp\/v2\/types\/post"}],"replies":[{"embeddable":true,"href":"https:\/\/247stiri.ro\/index.php\/wp-json\/wp\/v2\/comments?post=3876"}],"version-history":[{"count":0,"href":"https:\/\/247stiri.ro\/index.php\/wp-json\/wp\/v2\/posts\/3876\/revisions"}],"wp:featuredmedia":[{"embeddable":true,"href":"https:\/\/247stiri.ro\/index.php\/wp-json\/wp\/v2\/media\/3863"}],"wp:attachment":[{"href":"https:\/\/247stiri.ro\/index.php\/wp-json\/wp\/v2\/media?parent=3876"}],"wp:term":[{"taxonomy":"category","embeddable":true,"href":"https:\/\/247stiri.ro\/index.php\/wp-json\/wp\/v2\/categories?post=3876"},{"taxonomy":"post_tag","embeddable":true,"href":"https:\/\/247stiri.ro\/index.php\/wp-json\/wp\/v2\/tags?post=3876"}],"curies":[{"name":"wp","href":"https:\/\/api.w.org\/{rel}","templated":true}]}}