{"id":38774,"date":"2025-03-12T10:45:04","date_gmt":"2025-03-12T10:45:04","guid":{"rendered":"https:\/\/247stiri.ro\/index.php\/2025\/03\/12\/cum-vrea-nicusor-dan-sa-ciupeasca-electorat-pentru-alegerile-prezidentiale-din-mai-eu-am-o-simpatie-fata-de-sustinatorii-lui-calin-georgescu\/"},"modified":"2025-03-12T10:45:04","modified_gmt":"2025-03-12T10:45:04","slug":"cum-vrea-nicusor-dan-sa-ciupeasca-electorat-pentru-alegerile-prezidentiale-din-mai-eu-am-o-simpatie-fata-de-sustinatorii-lui-calin-georgescu","status":"publish","type":"post","link":"https:\/\/247stiri.ro\/index.php\/2025\/03\/12\/cum-vrea-nicusor-dan-sa-ciupeasca-electorat-pentru-alegerile-prezidentiale-din-mai-eu-am-o-simpatie-fata-de-sustinatorii-lui-calin-georgescu\/","title":{"rendered":"Cum vrea Nicu\u0219or Dan s\u0103 ciupeasc\u0103 electorat pentru alegerile preziden\u021biale din mai: \u201dEu am o simpatie fa\u0163\u0103 de sus\u021bin\u0103torii lui C\u0103lin Georgescu\u201d"},"content":{"rendered":"<p>\u201eEu am o simpatie fa\u0163\u0103 de ace\u015fti oameni, chiar am avut ni\u015fte interac\u0163iuni pe strad\u0103 de mai multe ori cu simpatiza\u0163i ai lui C\u0103lin Georgescu, pentru c\u0103 sunt oameni \u00een mod legitim nemul\u0163umi\u0163i de modul \u00een care s-au f\u0103cut politic\u0103 \u015fi administra\u0163ie \u00een Rom\u00e2nia p\u00e2n\u0103 acum.<\/p>\n<p>\u015ei multe din lucrurile pe care le-a spus C\u0103lin Georgescu \u00een ceea ce prive\u015fte problemele sunt foarte reale. Infla\u0163ie, corup\u0163ie, agricultur\u0103, toate, repet, ca probleme.<\/p>\n<p>Deci, este un electorat format din ni\u015fte rom\u00e2ni nemul\u0163umi\u0163i c\u0103rora trebuie cu to\u0163ii s\u0103 ne adres\u0103m, s\u0103 le \u00een\u0163elegem problemele \u015fi mai departe, fiecare dintre rom\u00e2ni va vota cum crede de cuviin\u0163\u0103\u201d, a declarat, miercuri, la un post TV, Nicu\u015for Dan.<\/p>","protected":false},"excerpt":{"rendered":"<p>\u201eEu am o simpatie fa\u0163\u0103 de ace\u015fti oameni, chiar am avut ni\u015fte interac\u0163iuni pe strad\u0103&hellip;<\/p>\n","protected":false},"author":0,"featured_media":38769,"comment_status":"open","ping_status":"open","sticky":false,"template":"","format":"standard","meta":{"footnotes":""},"categories":[2],"tags":[],"class_list":["post-38774","post","type-post","status-publish","format-standard","has-post-thumbnail","hentry","category-actual"],"_links":{"self":[{"href":"https:\/\/247stiri.ro\/index.php\/wp-json\/wp\/v2\/posts\/38774","targetHints":{"allow":["GET"]}}],"collection":[{"href":"https:\/\/247stiri.ro\/index.php\/wp-json\/wp\/v2\/posts"}],"about":[{"href":"https:\/\/247stiri.ro\/index.php\/wp-json\/wp\/v2\/types\/post"}],"replies":[{"embeddable":true,"href":"https:\/\/247stiri.ro\/index.php\/wp-json\/wp\/v2\/comments?post=38774"}],"version-history":[{"count":0,"href":"https:\/\/247stiri.ro\/index.php\/wp-json\/wp\/v2\/posts\/38774\/revisions"}],"wp:featuredmedia":[{"embeddable":true,"href":"https:\/\/247stiri.ro\/index.php\/wp-json\/wp\/v2\/media\/38769"}],"wp:attachment":[{"href":"https:\/\/247stiri.ro\/index.php\/wp-json\/wp\/v2\/media?parent=38774"}],"wp:term":[{"taxonomy":"category","embeddable":true,"href":"https:\/\/247stiri.ro\/index.php\/wp-json\/wp\/v2\/categories?post=38774"},{"taxonomy":"post_tag","embeddable":true,"href":"https:\/\/247stiri.ro\/index.php\/wp-json\/wp\/v2\/tags?post=38774"}],"curies":[{"name":"wp","href":"https:\/\/api.w.org\/{rel}","templated":true}]}}