{"id":38796,"date":"2025-03-12T11:45:03","date_gmt":"2025-03-12T11:45:03","guid":{"rendered":"https:\/\/247stiri.ro\/index.php\/2025\/03\/12\/o-sosea-extrem-de-asteptata-de-romani-este-aproape-gata-cand-vor-putea-soferii-sa-circule-pe-ea-ministrul-transporturilor-a-facut-anuntul\/"},"modified":"2025-03-12T11:45:03","modified_gmt":"2025-03-12T11:45:03","slug":"o-sosea-extrem-de-asteptata-de-romani-este-aproape-gata-cand-vor-putea-soferii-sa-circule-pe-ea-ministrul-transporturilor-a-facut-anuntul","status":"publish","type":"post","link":"https:\/\/247stiri.ro\/index.php\/2025\/03\/12\/o-sosea-extrem-de-asteptata-de-romani-este-aproape-gata-cand-vor-putea-soferii-sa-circule-pe-ea-ministrul-transporturilor-a-facut-anuntul\/","title":{"rendered":"O \u0219osea extrem de a\u0219teptat\u0103 de rom\u00e2ni este aproape gata. C\u00e2nd vor putea \u0219oferii s\u0103 circule pe ea. Ministrul Transporturilor a f\u0103cut anun\u021bul"},"content":{"rendered":"<p><a href=\"https:\/\/www.realitatea.net\/stiri\/actual\/ce-spune-ministrul-transporturilor-dupa-ce-un-tren-a-fost-atacat-cu-pietre-pe-ruta-brasov-bucuresti-persoane-care-nu-au-inteles-cum-trebuie-sa-se-comporte-in-societate_67cef990e1d9bb602079d1ba\" target=\"_blank\">Sorin Grindeanu <\/a>a subliniat c\u0103 \u00een acest moment, constructorul Spedition UMB lucreaz\u0103 la montarea tablierului metalic la podul peste r\u00e2ul Siret, al doilea pod hobanat ca m\u0103rime din Rom\u00e2nia, dup\u0103 cel de la Agigea.<\/p>\n<p>Potrivit \u0219efului de la Transporturi, proiectul finan\u0163at prin Programul Transport 2021-2027, are o valoare total\u0103 de 449,42 milioane lei, f\u0103r\u0103 TVA.<\/p>\n<p>\u201dStadiul lucr\u0103rilor pe \u015fantierul Drumului Expres Br\u0103ila-Gala\u0163i (10,76 km) a ajuns la 90%! Constructorul rom\u00e2n monteaz\u0103 la ora actual\u0103 tablierul metalic la podul hobanat peste r\u00e2ul Siret (al doilea pod hobanat ca m\u0103rime din Rom\u00e2nia, dup\u0103 podul Agigea)\u201d, a transmis Sorin Grindeanu, pe Facebook.\u00a0<\/p>\n<p>De asemenea, oficialul a \u021binut s\u0103 men\u021bioneze faptul c\u0103 la ora actual\u0103 \u00een \u015fantier sunt mobiliza\u0163i 150 de muncitori \u015fi 210 utilaje.\u00a0<\/p>\n<p>\u201dDup\u0103 finalizarea de anul acesta, DEx6 va realiza conexiunea cu Podul suspendat peste Dun\u0103re de la Br\u0103ila\u201d, a mai transmis Grindeanu.<\/p>","protected":false},"excerpt":{"rendered":"<p>Sorin Grindeanu a subliniat c\u0103 \u00een acest moment, constructorul Spedition UMB lucreaz\u0103 la montarea tablierului&hellip;<\/p>\n","protected":false},"author":0,"featured_media":38790,"comment_status":"open","ping_status":"open","sticky":false,"template":"","format":"standard","meta":{"footnotes":""},"categories":[2],"tags":[],"class_list":["post-38796","post","type-post","status-publish","format-standard","has-post-thumbnail","hentry","category-actual"],"_links":{"self":[{"href":"https:\/\/247stiri.ro\/index.php\/wp-json\/wp\/v2\/posts\/38796","targetHints":{"allow":["GET"]}}],"collection":[{"href":"https:\/\/247stiri.ro\/index.php\/wp-json\/wp\/v2\/posts"}],"about":[{"href":"https:\/\/247stiri.ro\/index.php\/wp-json\/wp\/v2\/types\/post"}],"replies":[{"embeddable":true,"href":"https:\/\/247stiri.ro\/index.php\/wp-json\/wp\/v2\/comments?post=38796"}],"version-history":[{"count":0,"href":"https:\/\/247stiri.ro\/index.php\/wp-json\/wp\/v2\/posts\/38796\/revisions"}],"wp:featuredmedia":[{"embeddable":true,"href":"https:\/\/247stiri.ro\/index.php\/wp-json\/wp\/v2\/media\/38790"}],"wp:attachment":[{"href":"https:\/\/247stiri.ro\/index.php\/wp-json\/wp\/v2\/media?parent=38796"}],"wp:term":[{"taxonomy":"category","embeddable":true,"href":"https:\/\/247stiri.ro\/index.php\/wp-json\/wp\/v2\/categories?post=38796"},{"taxonomy":"post_tag","embeddable":true,"href":"https:\/\/247stiri.ro\/index.php\/wp-json\/wp\/v2\/tags?post=38796"}],"curies":[{"name":"wp","href":"https:\/\/api.w.org\/{rel}","templated":true}]}}