{"id":38800,"date":"2025-03-12T11:45:04","date_gmt":"2025-03-12T11:45:04","guid":{"rendered":"https:\/\/247stiri.ro\/index.php\/2025\/03\/12\/hagi-a-fost-decorat-cu-ordinul-national-steaua-romaniei-in-grad-de-cavaler\/"},"modified":"2025-03-12T11:45:04","modified_gmt":"2025-03-12T11:45:04","slug":"hagi-a-fost-decorat-cu-ordinul-national-steaua-romaniei-in-grad-de-cavaler","status":"publish","type":"post","link":"https:\/\/247stiri.ro\/index.php\/2025\/03\/12\/hagi-a-fost-decorat-cu-ordinul-national-steaua-romaniei-in-grad-de-cavaler\/","title":{"rendered":"Hagi a fost decorat cu Ordinul Na\u0163ional \u201eSteaua Rom\u00e2niei\u201d \u00een grad de Cavaler"},"content":{"rendered":"<p>La ceremonia de la Palatul Cotroceni au fost prezente numeroase personalit\u0103\u0163i ale sportului rom\u00e2nesc: Nadia Com\u0103neci, Mircea Lucescu, Elisabeta Lip\u0103, Simoona Halep, Gheorghe Popescu, R\u0103zvan Burleanu, Bogdan Stelea, Gabi Balint, Gino Iorgulescu \u015fi al\u0163ii.<\/p>\n<p>\u00cenainte de Hagi s\u0103 primeasc\u0103 distinc\u0163ia, au fost prezentate \u00een sal\u0103 imagini cu fostul fotbalist.<\/p>\n<p>\u201cSuntem ast\u0103zi \u00eempreun\u0103 familie, prieteni, membri ai Genera\u0163iei de aur, mari sportivi, pentru a celebra un fenomen al fotbalului rom\u00e2nesc \u015fi interna\u0163ional. A pus Rom\u00e2nia pe harta fotbalului. Domnule Hagi, este o onoare pentru mine s\u0103 v\u0103 ofer cea mai mare distinc\u0163ie a statului rom\u00e2n. Anul acesta a\u0163i \u00eemplinit 60 de ani, dintre care 50 dedica\u0163i sportului. A\u0163i fost un erou pe teren, dar \u015fi \u00een lumea fotbalului.<\/p>\n<p>Genera\u0163ia de Aur a r\u0103mas pentru noi to\u0163i o dovad\u0103 a ceea ce pute realiza c\u00e2nd suntem uni\u0163i. Sportul face parte din identitatea noastr\u0103 na\u0163ional\u0103. Rom\u00e2nia are o temelie solid\u0103 de mari performan\u0163e sportive. Sunte\u0163i o surs\u0103 de inspira\u0163ie pentru \u00eentreaga na\u0163iune. V\u0103 mul\u0163umim pentru tot ceea ce a\u0163i oferit Rom\u00e2niei \u015fi pentru c\u0103 ne-a\u0163i \u00eenv\u0103\u0163at ceea ce \u00eenseamn\u0103 s\u0103 crezi, s\u0103 lup\u0163i \u015fi s\u0103 c\u00e2\u015ftigi\u201d, a spus Ilie Bolojan.<\/p>\n<p>Anii de sacrificiu ai lui Hagi au primit ast\u0103zi laurii cuveni\u021bi.<\/p>\n<p>\u201cE o zi special\u0103. Sunt onorat, sunt fericit, sunt \u00eemplinit pentru c\u0103 am \u00eemplinit 60 de ani, 50 de ani am muncit ca s\u0103 vin\u0103 acest moment. Pe aceast\u0103 cale mul\u0163umsc pre\u015fedintelui Rom\u00e2niei. Mul\u0163umesc, Rom\u00e2nia pentru aceast\u0103 zi minunat\u0103. Mu\u0163umesc \u015fi profesorilor care m-au aducat, colegilor. Avem nevoie de profesiori foarte buni. \u015ei cred c\u0103 avem talent foarte mult \u00een Rom\u00e2nia\u201d.<\/p>\n<p>Hagi a primit cu cea mai \u00eenalt\u0103 distinc\u0163ie a statului rom\u00e2n \u00een semn de recunoa\u015ftere \u015fi apreciere pentru \u00eentreaga sa carier\u0103 sportiv\u0103, precum \u015fi pentru implicarea activ\u0103 \u00een popularizarea fotbalului \u00een r\u00e2ndul tinerelor genera\u0163ii.<\/p>","protected":false},"excerpt":{"rendered":"<p>La ceremonia de la Palatul Cotroceni au fost prezente numeroase personalit\u0103\u0163i ale sportului rom\u00e2nesc: Nadia&hellip;<\/p>\n","protected":false},"author":0,"featured_media":38786,"comment_status":"open","ping_status":"open","sticky":false,"template":"","format":"standard","meta":{"footnotes":""},"categories":[2],"tags":[],"class_list":["post-38800","post","type-post","status-publish","format-standard","has-post-thumbnail","hentry","category-actual"],"_links":{"self":[{"href":"https:\/\/247stiri.ro\/index.php\/wp-json\/wp\/v2\/posts\/38800","targetHints":{"allow":["GET"]}}],"collection":[{"href":"https:\/\/247stiri.ro\/index.php\/wp-json\/wp\/v2\/posts"}],"about":[{"href":"https:\/\/247stiri.ro\/index.php\/wp-json\/wp\/v2\/types\/post"}],"replies":[{"embeddable":true,"href":"https:\/\/247stiri.ro\/index.php\/wp-json\/wp\/v2\/comments?post=38800"}],"version-history":[{"count":0,"href":"https:\/\/247stiri.ro\/index.php\/wp-json\/wp\/v2\/posts\/38800\/revisions"}],"wp:featuredmedia":[{"embeddable":true,"href":"https:\/\/247stiri.ro\/index.php\/wp-json\/wp\/v2\/media\/38786"}],"wp:attachment":[{"href":"https:\/\/247stiri.ro\/index.php\/wp-json\/wp\/v2\/media?parent=38800"}],"wp:term":[{"taxonomy":"category","embeddable":true,"href":"https:\/\/247stiri.ro\/index.php\/wp-json\/wp\/v2\/categories?post=38800"},{"taxonomy":"post_tag","embeddable":true,"href":"https:\/\/247stiri.ro\/index.php\/wp-json\/wp\/v2\/tags?post=38800"}],"curies":[{"name":"wp","href":"https:\/\/api.w.org\/{rel}","templated":true}]}}