{"id":3881,"date":"2024-11-02T11:52:10","date_gmt":"2024-11-02T11:52:10","guid":{"rendered":"https:\/\/247stiri.ro\/index.php\/2024\/11\/02\/florin-roman-pune-pe-masa-scenariul-ilie-bolojan-posibil-viitor-premier-din-partea-pnl\/"},"modified":"2024-11-02T11:52:10","modified_gmt":"2024-11-02T11:52:10","slug":"florin-roman-pune-pe-masa-scenariul-ilie-bolojan-posibil-viitor-premier-din-partea-pnl","status":"publish","type":"post","link":"https:\/\/247stiri.ro\/index.php\/2024\/11\/02\/florin-roman-pune-pe-masa-scenariul-ilie-bolojan-posibil-viitor-premier-din-partea-pnl\/","title":{"rendered":"Florin Roman pune pe mas\u0103 scenariul: Ilie Bolojan, posibil viitor premier din partea PNL"},"content":{"rendered":"<p>\u201eAm v\u0103zut o declara\u021bie a domnului Ponta \u0219i m-am tulburat\u00cen urm\u0103 cu un an l-am \u00eentrebat pe domnul Ciuc\u0103 aici. V\u0103 asuma\u021bi? Candida\u021bi? S-a f\u0103cut lini\u0219te \u00een sal\u0103 \u0219i mi-au repro\u0219at colegii c\u0103 am lansat \u00eentrebarea prea devremeAcum o s\u0103 pun o alt\u0103 \u00eentrebare: Dac\u0103 viitorul pre\u0219edinte al Rom\u00e2niei este din Oltenia, \u00eei cerem domnului Bolojan s\u0103 fie prim-ministrul Rom\u00e2niei?V\u0103 mul\u021bumesc!\u0218i mai trebuie s\u0103 facem ceva! Trebuie s\u0103 avem un pre\u0219edinte care une\u0219te, viitorul pre\u0219edinte al Camerei Deputa\u021bilor trebuie s\u0103 fie un moldovean, pentru c\u0103 Ciuc\u0103 e pre\u0219edintele care une\u0219teO s\u0103 intru printre dumneavoastr\u0103! Dumneavoastr\u0103 nu a\u021bi tr\u0103dat.\u00a0Camarazi liberali, avem un singur lucru de f\u0103cut. Am luptat pentru voi c\u00e2nd al\u021bii v-au umilitM-am dus \u0219i v-am ap\u0103rat, v\u0103 rog \u0219i eu un lucru. 24 noiembrie va fi ca \u00een 9 iuniePentru c\u0103 domnul Motreanu m-a rugat s\u0103 fiu scurt: V\u0103 \u00eentreb &#8211; \u00a0Batem palma?Victorie!\u201d, a spus Florin Roman \u00een cadrul evenimentului.<\/p>\n<p><a title=\"PNL isi lanseaza programul de guvernare in opozitie cu cel al PSD. Liberalii au criticat promisiunile nerealiste din programul social-democratilor\" href=\"https:\/\/www.realitatea.net\/stiri\/ultimele-stiri\/pnl-isi-lanseaza-programul-de-guvernare-in-opozitie-cu-cel-al-psd-liberalii-au-criticat-promisiunile-nerealiste-din-programul-socialdemocratilor_6725f3e4aace295aff2a55e5\">PNL \u00ee\u0219i lanseaz\u0103 programul de guvernare \u00een opozi\u021bie cu cel al PSD. Liberalii au criticat promisiunile nerealiste din programul social-democra\u021bilor<\/a><\/p>\n<p>\u00a0<\/p>","protected":false},"excerpt":{"rendered":"<p>\u201eAm v\u0103zut o declara\u021bie a domnului Ponta \u0219i m-am tulburat\u00cen urm\u0103 cu un an l-am&hellip;<\/p>\n","protected":false},"author":0,"featured_media":3869,"comment_status":"open","ping_status":"open","sticky":false,"template":"","format":"standard","meta":{"footnotes":""},"categories":[2],"tags":[],"class_list":["post-3881","post","type-post","status-publish","format-standard","has-post-thumbnail","hentry","category-actual"],"_links":{"self":[{"href":"https:\/\/247stiri.ro\/index.php\/wp-json\/wp\/v2\/posts\/3881","targetHints":{"allow":["GET"]}}],"collection":[{"href":"https:\/\/247stiri.ro\/index.php\/wp-json\/wp\/v2\/posts"}],"about":[{"href":"https:\/\/247stiri.ro\/index.php\/wp-json\/wp\/v2\/types\/post"}],"replies":[{"embeddable":true,"href":"https:\/\/247stiri.ro\/index.php\/wp-json\/wp\/v2\/comments?post=3881"}],"version-history":[{"count":0,"href":"https:\/\/247stiri.ro\/index.php\/wp-json\/wp\/v2\/posts\/3881\/revisions"}],"wp:featuredmedia":[{"embeddable":true,"href":"https:\/\/247stiri.ro\/index.php\/wp-json\/wp\/v2\/media\/3869"}],"wp:attachment":[{"href":"https:\/\/247stiri.ro\/index.php\/wp-json\/wp\/v2\/media?parent=3881"}],"wp:term":[{"taxonomy":"category","embeddable":true,"href":"https:\/\/247stiri.ro\/index.php\/wp-json\/wp\/v2\/categories?post=3881"},{"taxonomy":"post_tag","embeddable":true,"href":"https:\/\/247stiri.ro\/index.php\/wp-json\/wp\/v2\/tags?post=3881"}],"curies":[{"name":"wp","href":"https:\/\/api.w.org\/{rel}","templated":true}]}}