{"id":38811,"date":"2025-03-12T12:44:51","date_gmt":"2025-03-12T12:44:51","guid":{"rendered":"https:\/\/247stiri.ro\/index.php\/2025\/03\/12\/dan-tanasa-despre-strategia-suveranistilor-in-lupta-pentru-cotroceni-romanii-au-decis-noi-respectam-actionam-in-interiorul-constitutiei\/"},"modified":"2025-03-12T12:44:51","modified_gmt":"2025-03-12T12:44:51","slug":"dan-tanasa-despre-strategia-suveranistilor-in-lupta-pentru-cotroceni-romanii-au-decis-noi-respectam-actionam-in-interiorul-constitutiei","status":"publish","type":"post","link":"https:\/\/247stiri.ro\/index.php\/2025\/03\/12\/dan-tanasa-despre-strategia-suveranistilor-in-lupta-pentru-cotroceni-romanii-au-decis-noi-respectam-actionam-in-interiorul-constitutiei\/","title":{"rendered":"Dan Tanas\u0103, despre strategia suverani\u0219tilor \u00een lupta pentru Cotroceni: Rom\u00e2nii au decis, noi respect\u0103m. Ac\u021bion\u0103m \u00een interiorul Constitu\u021biei"},"content":{"rendered":"<p>&#8222;\u00cenc\u0103 de anul trecut, de acum doi ani, dl Simion a spus &lt;&lt;Domne, trebuie s\u0103 c\u0103ut\u0103m persoana cea mai potrivit\u0103 care s\u0103 candideze, persoana care s\u0103 se preteze cel mai bine pentru aceast\u0103 candidatura&gt;&gt;.<\/p>\n<p>S\u0103 nu uit\u0103m c\u0103 dl pre\u0219edinte Simion a spus \u00eenc\u0103 din decembrie, imediat &lt;&lt;Rom\u00e2nii au votat, vom sus\u021bine candidatura dl Georgescu&gt;&gt;.<\/p>\n<p>A dovedit c\u0103 este un lider \u0219i \u00een toat\u0103 aceast\u0103 perioad\u0103 a zis foarte clar. Sigur c\u0103 noi, colegii de partid, l-am rugat frumos s\u0103 candideze, \u00eens\u0103 dl Simion a spus c\u0103 trebuie s\u0103 fim responsabili, s\u0103 ascult\u0103m vocea rom\u00e2nilor. Rom\u00e2nii au decis, noi trebuie s\u0103 respect\u0103m.\u00a0<\/p>\n<p>Acum, noi nu facem nimic altceva dec\u00e2t s\u0103 reac\u021bion\u0103m. \u00cen momentul asta este un veritabil r\u0103zboi, o veritabil\u0103 lovitur\u0103 de stat \u0219i noi trebuie s\u0103 ac\u021bion\u0103m \u00een interiorul Constitu\u021biei, \u00een interiorul jocului pe care ni-l ofer\u0103 mafio\u021bii \u0103\u0219tia.\u00a0<\/p>\n<p>Sigur c\u0103 da, asta vor, asta vom face. Am spus c\u0103 dl C\u0103lin Georgescu are atributul de a decide ce urmeaz\u0103 s\u0103 se \u00eent\u00e2mple. \u00cempreun\u0103 cu Anamaria Gavril\u0103 &#8211; cum am spus \u0219i de s\u0103pt\u0103m\u00e2na trecut\u0103, \u0219i acum dou\u0103 s\u0103pt\u0103m\u00e2ni &#8211; \u00a0\u0219i \u00eempreun\u0103 cu dl Simion vom merge mai departe pentru c\u0103 asta am promis rom\u00e2nilor&#8221;, a declarat miercuri, pentru Realitatea PLUS, Dan Tanas\u0103.\u00a0<\/p>","protected":false},"excerpt":{"rendered":"<p>&#8222;\u00cenc\u0103 de anul trecut, de acum doi ani, dl Simion a spus &lt;&lt;Domne, trebuie s\u0103&hellip;<\/p>\n","protected":false},"author":0,"featured_media":38812,"comment_status":"open","ping_status":"open","sticky":false,"template":"","format":"standard","meta":{"footnotes":""},"categories":[3],"tags":[],"class_list":["post-38811","post","type-post","status-publish","format-standard","has-post-thumbnail","hentry","category-politica"],"_links":{"self":[{"href":"https:\/\/247stiri.ro\/index.php\/wp-json\/wp\/v2\/posts\/38811","targetHints":{"allow":["GET"]}}],"collection":[{"href":"https:\/\/247stiri.ro\/index.php\/wp-json\/wp\/v2\/posts"}],"about":[{"href":"https:\/\/247stiri.ro\/index.php\/wp-json\/wp\/v2\/types\/post"}],"replies":[{"embeddable":true,"href":"https:\/\/247stiri.ro\/index.php\/wp-json\/wp\/v2\/comments?post=38811"}],"version-history":[{"count":0,"href":"https:\/\/247stiri.ro\/index.php\/wp-json\/wp\/v2\/posts\/38811\/revisions"}],"wp:featuredmedia":[{"embeddable":true,"href":"https:\/\/247stiri.ro\/index.php\/wp-json\/wp\/v2\/media\/38812"}],"wp:attachment":[{"href":"https:\/\/247stiri.ro\/index.php\/wp-json\/wp\/v2\/media?parent=38811"}],"wp:term":[{"taxonomy":"category","embeddable":true,"href":"https:\/\/247stiri.ro\/index.php\/wp-json\/wp\/v2\/categories?post=38811"},{"taxonomy":"post_tag","embeddable":true,"href":"https:\/\/247stiri.ro\/index.php\/wp-json\/wp\/v2\/tags?post=38811"}],"curies":[{"name":"wp","href":"https:\/\/api.w.org\/{rel}","templated":true}]}}