{"id":38813,"date":"2025-03-12T12:44:51","date_gmt":"2025-03-12T12:44:51","guid":{"rendered":"https:\/\/247stiri.ro\/index.php\/2025\/03\/12\/trei-persoane-arestate-preventiv-dupa-ce-ar-fi-agresat-paznicul-unui-supermarket-din-roman-anuntul-ipj-neamt\/"},"modified":"2025-03-12T12:44:51","modified_gmt":"2025-03-12T12:44:51","slug":"trei-persoane-arestate-preventiv-dupa-ce-ar-fi-agresat-paznicul-unui-supermarket-din-roman-anuntul-ipj-neamt","status":"publish","type":"post","link":"https:\/\/247stiri.ro\/index.php\/2025\/03\/12\/trei-persoane-arestate-preventiv-dupa-ce-ar-fi-agresat-paznicul-unui-supermarket-din-roman-anuntul-ipj-neamt\/","title":{"rendered":"Trei persoane, arestate preventiv dup\u0103 ce ar fi agresat paznicul unui supermarket din Roman. Anun\u021bul IPJ Neam\u021b"},"content":{"rendered":"<p>&#8222;Poli\u0163i\u015ftii din cadrul Poli\u0163iei municipiului Roman au fost sesiza\u0163i cu privire la faptul c\u0103 un b\u0103rbat \u00een v\u00e2rst\u0103 de 42 ani, paznic la respectiva unitate, fi fost agresat de mai multe persoane, \u00eentr-un supermarket din municipiul Roman.<\/p>\n<p>\u00cen urma verific\u0103rilor efectuate de poli\u0163i\u015fti au fost identificate persoanele \u00een cauz\u0103, doi b\u0103rba\u0163i \u00een v\u00e2rst\u0103 de 25, respectiv 36 ani, \u015fi o t\u00e2n\u0103r\u0103 \u00een v\u00e2rst\u0103 de 23 ani, din municipiul Roman&#8221;, a declarat purt\u0103torul de cuv\u00e2nt al IPJ Neam\u0163, Andreea Atomei.<\/p>\n<p>Ini\u021bial, cei trei agresori au fost re\u0163inu\u0163i pentru 24 ore. Ulterior \u00eens\u0103, instan\u0163a de judecat\u0103 a emis pe numele lor mandate de arestare preventiv\u0103 pentru o perioad\u0103 de 30 zile.<\/p>\n<p>\u00cen cauz\u0103 a fost deschis un dosar penal privind comiterea infrac\u0163iunilor de loviri sau alte violen\u0163e \u015fi tulburarea lini\u015ftii \u015fi ordinii publice.<\/p>","protected":false},"excerpt":{"rendered":"<p>&#8222;Poli\u0163i\u015ftii din cadrul Poli\u0163iei municipiului Roman au fost sesiza\u0163i cu privire la faptul c\u0103 un&hellip;<\/p>\n","protected":false},"author":0,"featured_media":38814,"comment_status":"open","ping_status":"open","sticky":false,"template":"","format":"standard","meta":{"footnotes":""},"categories":[2],"tags":[],"class_list":["post-38813","post","type-post","status-publish","format-standard","has-post-thumbnail","hentry","category-actual"],"_links":{"self":[{"href":"https:\/\/247stiri.ro\/index.php\/wp-json\/wp\/v2\/posts\/38813","targetHints":{"allow":["GET"]}}],"collection":[{"href":"https:\/\/247stiri.ro\/index.php\/wp-json\/wp\/v2\/posts"}],"about":[{"href":"https:\/\/247stiri.ro\/index.php\/wp-json\/wp\/v2\/types\/post"}],"replies":[{"embeddable":true,"href":"https:\/\/247stiri.ro\/index.php\/wp-json\/wp\/v2\/comments?post=38813"}],"version-history":[{"count":0,"href":"https:\/\/247stiri.ro\/index.php\/wp-json\/wp\/v2\/posts\/38813\/revisions"}],"wp:featuredmedia":[{"embeddable":true,"href":"https:\/\/247stiri.ro\/index.php\/wp-json\/wp\/v2\/media\/38814"}],"wp:attachment":[{"href":"https:\/\/247stiri.ro\/index.php\/wp-json\/wp\/v2\/media?parent=38813"}],"wp:term":[{"taxonomy":"category","embeddable":true,"href":"https:\/\/247stiri.ro\/index.php\/wp-json\/wp\/v2\/categories?post=38813"},{"taxonomy":"post_tag","embeddable":true,"href":"https:\/\/247stiri.ro\/index.php\/wp-json\/wp\/v2\/tags?post=38813"}],"curies":[{"name":"wp","href":"https:\/\/api.w.org\/{rel}","templated":true}]}}