{"id":38822,"date":"2025-03-12T13:47:21","date_gmt":"2025-03-12T13:47:21","guid":{"rendered":"https:\/\/247stiri.ro\/index.php\/2025\/03\/12\/victor-ponta-exclus-din-psd-social-democratii-s-au-dezis-de-suveranistul-vopsit\/"},"modified":"2025-03-12T13:47:21","modified_gmt":"2025-03-12T13:47:21","slug":"victor-ponta-exclus-din-psd-social-democratii-s-au-dezis-de-suveranistul-vopsit","status":"publish","type":"post","link":"https:\/\/247stiri.ro\/index.php\/2025\/03\/12\/victor-ponta-exclus-din-psd-social-democratii-s-au-dezis-de-suveranistul-vopsit\/","title":{"rendered":"Victor Ponta, EXCLUS din PSD! Social-democra\u021bii s-au dezis de suveranistul vopsit"},"content":{"rendered":"<p>UPDATE\u00a0<\/p>\n<p>Decizia a fost luat\u0103 aproape \u00een unanimitate \u00een \u015fedin\u0163a Consiliului Politic Na\u0163ional, unde s-a \u00eenregistrat un singur vot \u00eemptoriv\u0103, al lui Radu Moldovan. O decizie luat\u0103 \u00eens\u0103 destul de t\u00e2rziu \u0219i cu presiuni din partea partenerilor coali\u021biei. Liberalii au spus pe mai multe voci c\u0103 ar fi cazul c\u0103 social-democra\u021bii s\u0103 ia o decizie \u00een privin\u021ba lui Ponta, dup\u0103 ce acesta \u0219i-a depus candidatura la BEC. Ponta spunea c\u0103 \u00eel \u00eentristeaz\u0103 aceast\u0103 decizie \u0219i c\u0103 nu i se pare corect c\u0103 liberalii s\u0103 ia decizii \u00een interiorul PSD, dar este sigur c\u0103 va avea sus\u021binerea social-democra\u021bilor \u00een aceast\u0103 campanie pentru preziden\u021biale.<\/p>\n<p>\u0218TIREA INI\u021aIAL\u0102<\/p>\n<p>Social-democra\u021bii au decis, miercuri, s\u0103-l exclud\u0103 pe Victor Ponta, fost premier al Rom\u00e2niei \u0219i, totodat\u0103, fost consilier onorific al prim ministrului Marcel Ciolacu, din partid. Un vot \u00een acest sens s-a dat \u00een cadrul Consiliului Politic Na\u021bional (CNP) reunit la sediul PSD din Capital\u0103.\u00a0<\/p>\n<p>Premierul Marcel Ciolacu, pre\u0219edintele PSD, a declarat miercuri c\u0103 va propune Consiliului Politic Na\u021bional (CPN) al Partidului Social Democrat excluderea din partid a lui Victor Ponta.<\/p>\n<p>&#8222;O s\u0103 merg cu aceast\u0103 propunere la colegii mei&#8221;, a declarat Marcel Ciolacu la sediul PSD, \u00eentrebat fiind dac\u0103 Victor Ponta va fi exclus din partid.<\/p>\n<p>Reamintim c\u0103 suveranistul vopsit Victor Ponta \u0219i-a depus, miercuri, candidatura la alegerile preziden\u021biale din luna mai. Asta dup\u0103 ce a \u00eencercat s\u0103 se lipeasc\u0103 de imaginea lui C\u0103lin Georgescu, \u00een speran\u021ba c\u0103 va c\u00e2\u0219tiga voturile suverani\u0219tilor.<\/p>","protected":false},"excerpt":{"rendered":"<p>UPDATE\u00a0 Decizia a fost luat\u0103 aproape \u00een unanimitate \u00een \u015fedin\u0163a Consiliului Politic Na\u0163ional, unde s-a&hellip;<\/p>\n","protected":false},"author":0,"featured_media":38823,"comment_status":"open","ping_status":"open","sticky":false,"template":"","format":"standard","meta":{"footnotes":""},"categories":[3],"tags":[],"class_list":["post-38822","post","type-post","status-publish","format-standard","has-post-thumbnail","hentry","category-politica"],"_links":{"self":[{"href":"https:\/\/247stiri.ro\/index.php\/wp-json\/wp\/v2\/posts\/38822","targetHints":{"allow":["GET"]}}],"collection":[{"href":"https:\/\/247stiri.ro\/index.php\/wp-json\/wp\/v2\/posts"}],"about":[{"href":"https:\/\/247stiri.ro\/index.php\/wp-json\/wp\/v2\/types\/post"}],"replies":[{"embeddable":true,"href":"https:\/\/247stiri.ro\/index.php\/wp-json\/wp\/v2\/comments?post=38822"}],"version-history":[{"count":0,"href":"https:\/\/247stiri.ro\/index.php\/wp-json\/wp\/v2\/posts\/38822\/revisions"}],"wp:featuredmedia":[{"embeddable":true,"href":"https:\/\/247stiri.ro\/index.php\/wp-json\/wp\/v2\/media\/38823"}],"wp:attachment":[{"href":"https:\/\/247stiri.ro\/index.php\/wp-json\/wp\/v2\/media?parent=38822"}],"wp:term":[{"taxonomy":"category","embeddable":true,"href":"https:\/\/247stiri.ro\/index.php\/wp-json\/wp\/v2\/categories?post=38822"},{"taxonomy":"post_tag","embeddable":true,"href":"https:\/\/247stiri.ro\/index.php\/wp-json\/wp\/v2\/tags?post=38822"}],"curies":[{"name":"wp","href":"https:\/\/api.w.org\/{rel}","templated":true}]}}