{"id":38841,"date":"2025-03-12T14:48:18","date_gmt":"2025-03-12T14:48:18","guid":{"rendered":"https:\/\/247stiri.ro\/index.php\/2025\/03\/12\/cum-incearca-sistemul-sa-blocheze-candidatura-lui-george-simion-noua-manevra-a-statului-paralel-pentru-impiedicarea-suveranistilor\/"},"modified":"2025-03-12T14:48:18","modified_gmt":"2025-03-12T14:48:18","slug":"cum-incearca-sistemul-sa-blocheze-candidatura-lui-george-simion-noua-manevra-a-statului-paralel-pentru-impiedicarea-suveranistilor","status":"publish","type":"post","link":"https:\/\/247stiri.ro\/index.php\/2025\/03\/12\/cum-incearca-sistemul-sa-blocheze-candidatura-lui-george-simion-noua-manevra-a-statului-paralel-pentru-impiedicarea-suveranistilor\/","title":{"rendered":"Cum \u00eencearc\u0103 sistemul s\u0103 blocheze candidatura lui George Simion. Noua manevr\u0103 a statului paralel pentru \u00eempiedicarea suverani\u0219tilor"},"content":{"rendered":"<p>Sistemul a \u00eencercat \u0219i \u00eencearc\u0103 \u00een continuare s\u0103 concentreze atacuri asupra lui George Simion, dup\u0103 ce \u0219i-a lansat candidatura oficial \u00een cursa pentru cea mai important\u0103 func\u021bie \u00een stat.<\/p>\n<p>Vorbim despre un dosar deschis de c\u0103tre procurorii de la Parchetul General pentru instigare public\u0103, o cercetare \u00een rem, asupra faptelor. Asta dup\u0103 ce George Simion a afirmat pe o re\u021bea de socializare c\u0103 membrii BEC trebuie jupui\u021bi, videoclip ce a st\u00e2rnit un val de reac\u021bii, \u00een contextul \u00een care candidatura \u0219i dosarul lui C\u0103lin Georgescu nu fuseser\u0103 acceptate de c\u0103tre BEC.<\/p>\n<p>CNA s-a sesizat \u0219i a dorit s\u0103 fie dat jos acest videoclip, c\u0103 atare a fost \u0219ters.<\/p>\n<p>\u00cen acela\u0219i timp, George Simion a f\u0103cut preciazrea: \u201enu am f\u0103cut niciun \u00eendemn, eu am spus c\u0103 autorii loviturii de stat trebuie identifica\u021bi \u0219i tra\u0219i la raspudnere, conform normelor legale, pentru c\u0103 ei nu respect\u0103 democra\u021bia\u201d.<\/p>\n<p>Mai multe atacuri au fost lansate \u00een ultima perioada \u0219i \u00eempotriva mai multor membrii importan\u021bi din partea suveranistilor.<\/p>","protected":false},"excerpt":{"rendered":"<p>Sistemul a \u00eencercat \u0219i \u00eencearc\u0103 \u00een continuare s\u0103 concentreze atacuri asupra lui George Simion, dup\u0103&hellip;<\/p>\n","protected":false},"author":0,"featured_media":38842,"comment_status":"open","ping_status":"open","sticky":false,"template":"","format":"standard","meta":{"footnotes":""},"categories":[3],"tags":[],"class_list":["post-38841","post","type-post","status-publish","format-standard","has-post-thumbnail","hentry","category-politica"],"_links":{"self":[{"href":"https:\/\/247stiri.ro\/index.php\/wp-json\/wp\/v2\/posts\/38841","targetHints":{"allow":["GET"]}}],"collection":[{"href":"https:\/\/247stiri.ro\/index.php\/wp-json\/wp\/v2\/posts"}],"about":[{"href":"https:\/\/247stiri.ro\/index.php\/wp-json\/wp\/v2\/types\/post"}],"replies":[{"embeddable":true,"href":"https:\/\/247stiri.ro\/index.php\/wp-json\/wp\/v2\/comments?post=38841"}],"version-history":[{"count":0,"href":"https:\/\/247stiri.ro\/index.php\/wp-json\/wp\/v2\/posts\/38841\/revisions"}],"wp:featuredmedia":[{"embeddable":true,"href":"https:\/\/247stiri.ro\/index.php\/wp-json\/wp\/v2\/media\/38842"}],"wp:attachment":[{"href":"https:\/\/247stiri.ro\/index.php\/wp-json\/wp\/v2\/media?parent=38841"}],"wp:term":[{"taxonomy":"category","embeddable":true,"href":"https:\/\/247stiri.ro\/index.php\/wp-json\/wp\/v2\/categories?post=38841"},{"taxonomy":"post_tag","embeddable":true,"href":"https:\/\/247stiri.ro\/index.php\/wp-json\/wp\/v2\/tags?post=38841"}],"curies":[{"name":"wp","href":"https:\/\/api.w.org\/{rel}","templated":true}]}}