{"id":38855,"date":"2025-03-12T14:48:24","date_gmt":"2025-03-12T14:48:24","guid":{"rendered":"https:\/\/247stiri.ro\/index.php\/2025\/03\/12\/radu-oprea-despre-excluderea-lui-ponta-din-psd-s-a-autoexclus-din-partid-mai-demult-nu-cred-ca-va-reusi-sa-ia-un-scor-foarte-mare\/"},"modified":"2025-03-12T14:48:24","modified_gmt":"2025-03-12T14:48:24","slug":"radu-oprea-despre-excluderea-lui-ponta-din-psd-s-a-autoexclus-din-partid-mai-demult-nu-cred-ca-va-reusi-sa-ia-un-scor-foarte-mare","status":"publish","type":"post","link":"https:\/\/247stiri.ro\/index.php\/2025\/03\/12\/radu-oprea-despre-excluderea-lui-ponta-din-psd-s-a-autoexclus-din-partid-mai-demult-nu-cred-ca-va-reusi-sa-ia-un-scor-foarte-mare\/","title":{"rendered":"Radu Oprea, despre excluderea lui Ponta din PSD: \u201dS-a autoexclus din partid mai demult. Nu cred c\u0103 va reu\u015fi s\u0103 ia un scor foarte mare\u201d"},"content":{"rendered":"<p>Radu Oprea a afirmat c\u0103 nu crede c\u0103 <a href=\"https:\/\/www.realitatea.net\/stiri\/politica\/orele-lui-ponta-in-psd-sunt-numarate-ciolacu-propune-excluderea-sa-din-partid-in-consiliul-politic-national-al-socialdemocratilor_67d183b50d68a254033eea06\" target=\"_blank\">Victor Ponta <\/a>va reu\u0219i s\u0103 ob\u021bin\u0103 cu scor foarte mare la alegerile preziden\u021biale.<\/p>\n<p>\u201dS-a autoexclus mai demult. Ast\u0103zi este votul care arat\u0103 c\u0103 domnul Victor Ponta nu mai este de ast\u0103zi membru al Partidului Social-Democrat. A anun\u0163at, de altfel, c\u0103 are o candidatur\u0103 independent\u0103. Au mai fost \u00eencerc\u0103ri, a mai fost un alt pre\u015fedinte al Partidului Social-Democrat, domnul Geoan\u0103, care a \u00eencercat o candidatur\u0103 ca independent. 5%? Cred c\u0103 5% a avut domnia sa\u201d, a declarat Radu Oprea.<\/p>\n<p>De asemenea, social-democratul a men\u021bionat c\u0103 electoratul este cel care va spune ce se va \u00eent\u00e2mpla, dar, de obicei, electoratul PSD este \u00eentotdeauna consecvent cu deciziile pe care le ia conducerea partidului.\u00a0<\/p>\n<p>\u201dElectoratul PSD \u00een\u0163elege c\u0103 aceast\u0103 coali\u0163ie de guvernare, cu Crin Antonescu, este cea care garanteaz\u0103 un guvern pro-european, continuarea proiectelor de investi\u0163ii, continuarea proiectelor de investi\u0163ii \u00een infrastructur\u0103\u201d, a completat politicianul.<\/p>\n<p>C\u00e2t despre declara\u021bia Victor Ponta conform c\u0103reia, va fi exclus din PSD din cauza faptului c\u0103 liderilor partidelor le este team\u0103 de sistem, Radu Oprea a afirmat c\u0103 aceasta este pozi\u021bionarea suveranistului vopsit pentru campania electoral\u0103.\u00a0<\/p>\n<p>\u201dEste evident c\u0103 face declara\u0163ii politice \u00een postura de candidat independent. Nu cred c\u0103 va reu\u015fi s\u0103 ia un scor foarte mare din perspectiva voturilor care sunt \u00een zona Partidului Social Democrat, pentru c\u0103 este evident c\u0103 ceea ce ne dorim \u00een comunit\u0103\u0163ile locale s\u0103 se \u00eent\u00e2mple, adic\u0103 proiecte de investi\u0163ii, proiecte de infrastructur\u0103, proiecte de ap\u0103, canal, proiecte de gr\u0103dini\u0163e, de cre\u015fe, de \u015fcoli, de modernizare a lor, lucrurile acestea se \u00eent\u00e2mpl\u0103 c\u00e2nd Partidul Social Democrat este la guvernare\u201d, a conchis reprezentantul PSD.\u00a0<\/p>","protected":false},"excerpt":{"rendered":"<p>Radu Oprea a afirmat c\u0103 nu crede c\u0103 Victor Ponta va reu\u0219i s\u0103 ob\u021bin\u0103 cu&hellip;<\/p>\n","protected":false},"author":0,"featured_media":38836,"comment_status":"open","ping_status":"open","sticky":false,"template":"","format":"standard","meta":{"footnotes":""},"categories":[2],"tags":[],"class_list":["post-38855","post","type-post","status-publish","format-standard","has-post-thumbnail","hentry","category-actual"],"_links":{"self":[{"href":"https:\/\/247stiri.ro\/index.php\/wp-json\/wp\/v2\/posts\/38855","targetHints":{"allow":["GET"]}}],"collection":[{"href":"https:\/\/247stiri.ro\/index.php\/wp-json\/wp\/v2\/posts"}],"about":[{"href":"https:\/\/247stiri.ro\/index.php\/wp-json\/wp\/v2\/types\/post"}],"replies":[{"embeddable":true,"href":"https:\/\/247stiri.ro\/index.php\/wp-json\/wp\/v2\/comments?post=38855"}],"version-history":[{"count":0,"href":"https:\/\/247stiri.ro\/index.php\/wp-json\/wp\/v2\/posts\/38855\/revisions"}],"wp:featuredmedia":[{"embeddable":true,"href":"https:\/\/247stiri.ro\/index.php\/wp-json\/wp\/v2\/media\/38836"}],"wp:attachment":[{"href":"https:\/\/247stiri.ro\/index.php\/wp-json\/wp\/v2\/media?parent=38855"}],"wp:term":[{"taxonomy":"category","embeddable":true,"href":"https:\/\/247stiri.ro\/index.php\/wp-json\/wp\/v2\/categories?post=38855"},{"taxonomy":"post_tag","embeddable":true,"href":"https:\/\/247stiri.ro\/index.php\/wp-json\/wp\/v2\/tags?post=38855"}],"curies":[{"name":"wp","href":"https:\/\/api.w.org\/{rel}","templated":true}]}}