{"id":38858,"date":"2025-03-12T14:48:25","date_gmt":"2025-03-12T14:48:25","guid":{"rendered":"https:\/\/247stiri.ro\/index.php\/2025\/03\/12\/marcel-ciolacu-prima-aparitie-dupa-excluderea-lui-victor-ponta-din-psd-ce-a-spus-liderul-social-democrat-despre-candidatura-suveranistului-vopsit\/"},"modified":"2025-03-12T14:48:25","modified_gmt":"2025-03-12T14:48:25","slug":"marcel-ciolacu-prima-aparitie-dupa-excluderea-lui-victor-ponta-din-psd-ce-a-spus-liderul-social-democrat-despre-candidatura-suveranistului-vopsit","status":"publish","type":"post","link":"https:\/\/247stiri.ro\/index.php\/2025\/03\/12\/marcel-ciolacu-prima-aparitie-dupa-excluderea-lui-victor-ponta-din-psd-ce-a-spus-liderul-social-democrat-despre-candidatura-suveranistului-vopsit\/","title":{"rendered":"Marcel Ciolacu, prima apari\u021bie dup\u0103 excluderea lui Victor Ponta din PSD. Ce a spus liderul social-democrat despre candidatura suveranistului vopsit"},"content":{"rendered":"<p>La scurt timp dup\u0103 ce suveranistul vopsit a fost dat afar\u0103 pentru a doua oar\u0103 din PSD, Marcel Ciolacu a dat nas \u00een nas cu jurna\u0219i\u0219tii, \u00eens\u0103 a refuzat s\u0103 vorbeasc\u0103 despre candidatura la alegerile preziden\u021biale a lui Ponta.\u00a0<\/p>\n<p>\u201dNu comentez candidaturi. Am obosit s\u0103 v\u0103 spun de 1.000 de ori\u201d, a declarat pre\u0219edintele PSD.\u00a0<\/p>\n<p>V\u0103 reamintim c\u0103 social-democra\u021bii au decis, miercuri, s\u0103-l exclud\u0103 pe Victor Ponta, fost premier al Rom\u00e2niei \u0219i, totodat\u0103, fost consilier onorific al prim ministrului Marcel Ciolacu, din PSD. Un vot \u00een acest sens s-a dat \u00een cadrul Consiliului Politic Na\u021bional (CNP) reunit la sediul PSD din Capital\u0103.\u00a0<\/p>\n<p>Decizia de excludere a lui Ponta din partid a fost luat\u0103 aproape \u00een unanimitate. Social-democratul Radu Moldovan a fost singurul care a votat \u00eempotriv\u0103. O decizie luat\u0103 \u00eens\u0103 destul de t\u00e2rziu \u0219i cu presiuni din partea partenerilor coali\u021biei. Liberalii au spus pe mai multe voci c\u0103 ar fi cazul c\u0103 social-democra\u021bii s\u0103 ia o decizie \u00een privin\u021ba lui Ponta, dup\u0103 ce acesta \u0219i-a depus candidatura la BEC.<\/p>\n<p>Ponta spunea c\u0103 \u00eel \u00eentristeaz\u0103 aceast\u0103 decizie \u0219i c\u0103 nu i se pare corect c\u0103 liberalii s\u0103 ia decizii \u00een interiorul PSD, dar este sigur c\u0103 va avea sus\u021binerea social-democra\u021bilor \u00een aceast\u0103 campanie pentru preziden\u021biale.<\/p>","protected":false},"excerpt":{"rendered":"<p>La scurt timp dup\u0103 ce suveranistul vopsit a fost dat afar\u0103 pentru a doua oar\u0103&hellip;<\/p>\n","protected":false},"author":0,"featured_media":38840,"comment_status":"open","ping_status":"open","sticky":false,"template":"","format":"standard","meta":{"footnotes":""},"categories":[2],"tags":[],"class_list":["post-38858","post","type-post","status-publish","format-standard","has-post-thumbnail","hentry","category-actual"],"_links":{"self":[{"href":"https:\/\/247stiri.ro\/index.php\/wp-json\/wp\/v2\/posts\/38858","targetHints":{"allow":["GET"]}}],"collection":[{"href":"https:\/\/247stiri.ro\/index.php\/wp-json\/wp\/v2\/posts"}],"about":[{"href":"https:\/\/247stiri.ro\/index.php\/wp-json\/wp\/v2\/types\/post"}],"replies":[{"embeddable":true,"href":"https:\/\/247stiri.ro\/index.php\/wp-json\/wp\/v2\/comments?post=38858"}],"version-history":[{"count":0,"href":"https:\/\/247stiri.ro\/index.php\/wp-json\/wp\/v2\/posts\/38858\/revisions"}],"wp:featuredmedia":[{"embeddable":true,"href":"https:\/\/247stiri.ro\/index.php\/wp-json\/wp\/v2\/media\/38840"}],"wp:attachment":[{"href":"https:\/\/247stiri.ro\/index.php\/wp-json\/wp\/v2\/media?parent=38858"}],"wp:term":[{"taxonomy":"category","embeddable":true,"href":"https:\/\/247stiri.ro\/index.php\/wp-json\/wp\/v2\/categories?post=38858"},{"taxonomy":"post_tag","embeddable":true,"href":"https:\/\/247stiri.ro\/index.php\/wp-json\/wp\/v2\/tags?post=38858"}],"curies":[{"name":"wp","href":"https:\/\/api.w.org\/{rel}","templated":true}]}}