{"id":38869,"date":"2025-03-12T15:45:53","date_gmt":"2025-03-12T15:45:53","guid":{"rendered":"https:\/\/247stiri.ro\/index.php\/2025\/03\/12\/anca-alexandrescu-a-rabufnit-sistemul-ii-va-haitui-pe-toti-suvernanistii-pe-george-simion-pe-ana-maria-gavrila-ma-astept-sa-ma-cheme-si-pe-mine-la-parchet\/"},"modified":"2025-03-12T15:45:53","modified_gmt":"2025-03-12T15:45:53","slug":"anca-alexandrescu-a-rabufnit-sistemul-ii-va-haitui-pe-toti-suvernanistii-pe-george-simion-pe-ana-maria-gavrila-ma-astept-sa-ma-cheme-si-pe-mine-la-parchet","status":"publish","type":"post","link":"https:\/\/247stiri.ro\/index.php\/2025\/03\/12\/anca-alexandrescu-a-rabufnit-sistemul-ii-va-haitui-pe-toti-suvernanistii-pe-george-simion-pe-ana-maria-gavrila-ma-astept-sa-ma-cheme-si-pe-mine-la-parchet\/","title":{"rendered":"Anca Alexandrescu a r\u0103bufnit: Sistemul \u00eei va h\u0103itui pe to\u021bi suvernani\u0219tii. Pe George Simion, pe Ana Maria Gavril\u0103, m\u0103 a\u0219tept s\u0103 m\u0103 cheme \u0219i pe mine la Parchet"},"content":{"rendered":"<p>&#8222;Sistemul h\u0103ituie\u0219te pe oricine nu-i convine. Ei b\u0103nuiesc c\u0103 va fi un tandem Georgescu \u2013 Simino, a\u0219a c\u0103 trebuie s\u0103 v\u0103 a\u0219tepta\u021bi s\u0103 fie h\u0103ituit \u00een continuare C\u0103lin Georgescu, a\u0219a cum va fi \u0219i Ana Maria Gavril\u0103.<\/p>\n<p>Suverani\u0219tii trebuie s\u0103 aib\u0103 \u00eencredere c\u0103 doar votul lor poate schima situa\u021bia.<\/p>\n<p>Nu sunt de acord cu cei care spun c\u0103 \u0103 prin nominalizarea lui George Simion \u0219i a Anei Maria Gavril\u0103 se legitimeaz\u0103 lovitura de stat, pentru c\u0103 nu puteam r\u0103m\u00e2ne f\u0103r\u0103 reprezentan\u021bi ai cauzei suveraniste, a\u0219a cum nu sunt de acord nici cu boicotarea votului.<\/p>\n<p>Dac\u0103 acum \u00eencepem s\u0103 ne atac\u0103m \u00eentre noi, suverani\u0219tii, nu facem dec\u00e2t s\u0103 le d\u0103m ap\u0103 la moar\u0103, uita\u021bi-v\u0103 cum se lupt\u0103 \u00eentre ei Nicu\u0219or Dan, Lasconi.<\/p>\n<p>M\u0103 a\u0219tept ca sistemul s\u0103 m\u0103 cheme si pe mine la Parchet,s\u0103-i fac\u0103 dosare lui C\u0103lin Georgescu, s\u0103 o h\u0103ituiasc\u0103 \u0219i pe Ana Maria, s\u0103 continue s\u0103 o fac\u0103 \u0219i cu dl. C\u0103lin Georgescu.<\/p>\n<p>\u00cei amintesc lui Victor Ponta c\u0103 niciodat\u0103 alegerile s-au c\u00e2\u0219tigat cu votul diasporei, ori el n-a avut niciodat\u0103 votul rom\u00e2nilor din str\u0103in\u0103tate.Principalul vinovat de ceea ce se \u00eent\u00e2mpl\u0103 acum cu Ponta este Marcel Ciolacu, el l-a resuscitat&#8221;, a afirmat Anca Alexandrescu, \u00eentr-o interven\u021bie la Realitatea Plus.\u00a0<\/p>","protected":false},"excerpt":{"rendered":"<p>&#8222;Sistemul h\u0103ituie\u0219te pe oricine nu-i convine. Ei b\u0103nuiesc c\u0103 va fi un tandem Georgescu \u2013&hellip;<\/p>\n","protected":false},"author":0,"featured_media":38866,"comment_status":"open","ping_status":"open","sticky":false,"template":"","format":"standard","meta":{"footnotes":""},"categories":[2],"tags":[],"class_list":["post-38869","post","type-post","status-publish","format-standard","has-post-thumbnail","hentry","category-actual"],"_links":{"self":[{"href":"https:\/\/247stiri.ro\/index.php\/wp-json\/wp\/v2\/posts\/38869","targetHints":{"allow":["GET"]}}],"collection":[{"href":"https:\/\/247stiri.ro\/index.php\/wp-json\/wp\/v2\/posts"}],"about":[{"href":"https:\/\/247stiri.ro\/index.php\/wp-json\/wp\/v2\/types\/post"}],"replies":[{"embeddable":true,"href":"https:\/\/247stiri.ro\/index.php\/wp-json\/wp\/v2\/comments?post=38869"}],"version-history":[{"count":0,"href":"https:\/\/247stiri.ro\/index.php\/wp-json\/wp\/v2\/posts\/38869\/revisions"}],"wp:featuredmedia":[{"embeddable":true,"href":"https:\/\/247stiri.ro\/index.php\/wp-json\/wp\/v2\/media\/38866"}],"wp:attachment":[{"href":"https:\/\/247stiri.ro\/index.php\/wp-json\/wp\/v2\/media?parent=38869"}],"wp:term":[{"taxonomy":"category","embeddable":true,"href":"https:\/\/247stiri.ro\/index.php\/wp-json\/wp\/v2\/categories?post=38869"},{"taxonomy":"post_tag","embeddable":true,"href":"https:\/\/247stiri.ro\/index.php\/wp-json\/wp\/v2\/tags?post=38869"}],"curies":[{"name":"wp","href":"https:\/\/api.w.org\/{rel}","templated":true}]}}