{"id":38871,"date":"2025-03-12T15:45:53","date_gmt":"2025-03-12T15:45:53","guid":{"rendered":"https:\/\/247stiri.ro\/index.php\/2025\/03\/12\/masina-furata-de-trei-minori-cum-i-a-prins-oamenii-legii\/"},"modified":"2025-03-12T15:45:53","modified_gmt":"2025-03-12T15:45:53","slug":"masina-furata-de-trei-minori-cum-i-a-prins-oamenii-legii","status":"publish","type":"post","link":"https:\/\/247stiri.ro\/index.php\/2025\/03\/12\/masina-furata-de-trei-minori-cum-i-a-prins-oamenii-legii\/","title":{"rendered":"Ma\u0219in\u0103 furat\u0103 de trei minori. Cum i-a prins oamenii legii"},"content":{"rendered":"<p>Cum au pus la cap\u0103t planul<\/p>\n<p><a href=\"https:\/\/www.realitatea.net\/stiri\/actual\/mercedes-de-50000-de-euro-confiscat-pe-loc-de-politistii-din-agigea_67afbabb5b1eb8141614c9c3\" target=\"_blank\">\u00a0Incidentul a fost semnalat<\/a> de proprietara ma\u0219inii, o femeie de 49 de ani, care a constatat dispari\u021bia vehiculului pe care \u00eel l\u0103sase parcat pe un teren agricol din apropierea locuin\u021bei sale.<\/p>\n<p>Potrivit Inspectoratului de Poli\u021bie Jude\u021bean (IPJ) Bac\u0103u, \u00een urma cercet\u0103rilor, autorit\u0103\u021bile au identificat rapid suspec\u021bii, ace\u0219tia fiind localiza\u021bi \u00een municipiul One\u0219ti \u0219i comuna T\u00e2rgu Trotu\u0219. Dup\u0103 investiga\u021bii am\u0103nun\u021bite, autoturismul a fost g\u0103sit abandonat \u00een zona limitrof\u0103 a comunei \u0219i restituit proprietarei.<\/p>\n<p><a href=\"https:\/\/www.realitatea.net\/stiri\/actual\/masina-de-lux-cautata-in-olanda-gasita-la-alba-iulia-cine-se-afla-la-volanul-autoturismului-video_67a7194c7a18c90b59412892\" target=\"_blank\">Cei trei minori au fost re\u021binu\u021bi<\/a> pentru 24 de ore \u0219i urmeaz\u0103 s\u0103 fie prezenta\u021bi instan\u021bei cu propunere de luare a unei m\u0103suri preventive. Poli\u021bi\u0219tii continu\u0103 cercet\u0103rile \u00een cadrul unui dosar penal, ace\u0219tia fiind acuza\u021bi de furt \u00een scop de folosin\u021b\u0103 \u0219i conducerea unui autovehicul f\u0103r\u0103 permis de conducere.<\/p>\n<p>\u201e\u00cen urma activit\u0103\u021bilor investigativ-operative, poli\u0163i\u015ftii au identificat trei tineri, cu v\u00e2rste cuprinse \u00eentre 15 \u015fi 16 ani, din municipiul One\u015fti \u015fi comuna T\u00e2rgu Trotu\u015f, b\u0103nui\u0163i de comiterea faptei. Totodat\u0103, autoturismul a fost descoperit de poli\u0163i\u015fti abandonat \u00een zona limitrof\u0103 a comunei T\u00e2rgu Trotu\u015f. Acesta a fost predat proprietarei&#8221;, a declarat purt\u0103torul de cuv\u00e2nt al IPJ Bac\u0103u, agentul \u015fef adjunct Gabriel Dumitrache.<\/p>","protected":false},"excerpt":{"rendered":"<p>Cum au pus la cap\u0103t planul \u00a0Incidentul a fost semnalat de proprietara ma\u0219inii, o femeie&hellip;<\/p>\n","protected":false},"author":0,"featured_media":38872,"comment_status":"open","ping_status":"open","sticky":false,"template":"","format":"standard","meta":{"footnotes":""},"categories":[2],"tags":[],"class_list":["post-38871","post","type-post","status-publish","format-standard","has-post-thumbnail","hentry","category-actual"],"_links":{"self":[{"href":"https:\/\/247stiri.ro\/index.php\/wp-json\/wp\/v2\/posts\/38871","targetHints":{"allow":["GET"]}}],"collection":[{"href":"https:\/\/247stiri.ro\/index.php\/wp-json\/wp\/v2\/posts"}],"about":[{"href":"https:\/\/247stiri.ro\/index.php\/wp-json\/wp\/v2\/types\/post"}],"replies":[{"embeddable":true,"href":"https:\/\/247stiri.ro\/index.php\/wp-json\/wp\/v2\/comments?post=38871"}],"version-history":[{"count":0,"href":"https:\/\/247stiri.ro\/index.php\/wp-json\/wp\/v2\/posts\/38871\/revisions"}],"wp:featuredmedia":[{"embeddable":true,"href":"https:\/\/247stiri.ro\/index.php\/wp-json\/wp\/v2\/media\/38872"}],"wp:attachment":[{"href":"https:\/\/247stiri.ro\/index.php\/wp-json\/wp\/v2\/media?parent=38871"}],"wp:term":[{"taxonomy":"category","embeddable":true,"href":"https:\/\/247stiri.ro\/index.php\/wp-json\/wp\/v2\/categories?post=38871"},{"taxonomy":"post_tag","embeddable":true,"href":"https:\/\/247stiri.ro\/index.php\/wp-json\/wp\/v2\/tags?post=38871"}],"curies":[{"name":"wp","href":"https:\/\/api.w.org\/{rel}","templated":true}]}}