{"id":38877,"date":"2025-03-12T15:45:56","date_gmt":"2025-03-12T15:45:56","guid":{"rendered":"https:\/\/247stiri.ro\/index.php\/2025\/03\/12\/drama-la-aiud-un-copil-de-doi-ani-a-fost-gasit-inconstient-in-rau-dupa-o-joaca-cu-fratele-sau\/"},"modified":"2025-03-12T15:45:56","modified_gmt":"2025-03-12T15:45:56","slug":"drama-la-aiud-un-copil-de-doi-ani-a-fost-gasit-inconstient-in-rau-dupa-o-joaca-cu-fratele-sau","status":"publish","type":"post","link":"https:\/\/247stiri.ro\/index.php\/2025\/03\/12\/drama-la-aiud-un-copil-de-doi-ani-a-fost-gasit-inconstient-in-rau-dupa-o-joaca-cu-fratele-sau\/","title":{"rendered":"Dram\u0103 la Aiud: un copil de doi ani a fost g\u0103sit incon\u0219tient \u00een r\u00e2u dup\u0103 o joac\u0103 cu fratele s\u0103u"},"content":{"rendered":"<p>Ce au anun\u021bat oamenii legii<\/p>\n<p>Potrivit Inspectoratului de Poli\u021bie Jude\u021bean (IPJ) Alba, apelul de urgen\u021b\u0103 a fost \u00eenregistrat \u00een zona str\u0103zii Hotarului din Aiud, unde a fost semnalat\u0103 prezen\u021ba unei persoane incon\u0219tiente \u00een ap\u0103. La sosirea for\u021belor de interven\u021bie, s-a constatat c\u0103 este vorba despre un minor, care fusese scos din r\u00e2u \u0219i care prezenta semne de \u00eenec.<\/p>\n<p><a href=\"https:\/\/www.realitatea.net\/stiri\/actual\/gestul-care-ia-salvat-viata-o-copila-de-3-ani-a-fost-salvata-de-un-politist-dupa-ce-sa-inecat-cu-mancare_679b9762a5ffe152b6363d23\" target=\"_blank\">Echipajele medicale<\/a> au ini\u021biat imediat manevrele de resuscitare, reu\u0219ind s\u0103-l stabilizeze pe copil. Ulterior, acesta a fost transportat de urgen\u021b\u0103 la Spitalul Jude\u021bean de Urgen\u021b\u0103 Alba Iulia pentru \u00eengrijiri medicale de specialitate.<\/p>\n<p>\u00cen paralel, poli\u021bi\u0219tii au deschis o anchet\u0103 pentru a stabili circumstan\u021bele exacte ale incidentului. Cercet\u0103rile sunt efectuate sub aspectul s\u0103v\u00e2r\u0219irii infrac\u021biunii de v\u0103t\u0103mare corporal\u0103 din culp\u0103, urm\u00e2nd s\u0103 fie analizate toate \u00eemprejur\u0103rile \u00een care s-a produs <a href=\"https:\/\/www.realitatea.net\/stiri\/actual\/un-copil-de-11-ani-a-murit-inecat-in-mare-la-constanta-tragedie-uriasa-pe-litotral_66cb3655c71185502d5bf5e2\" target=\"_blank\">acest tragic eveniment.<\/a><\/p>","protected":false},"excerpt":{"rendered":"<p>Ce au anun\u021bat oamenii legii Potrivit Inspectoratului de Poli\u021bie Jude\u021bean (IPJ) Alba, apelul de urgen\u021b\u0103&hellip;<\/p>\n","protected":false},"author":0,"featured_media":38878,"comment_status":"open","ping_status":"open","sticky":false,"template":"","format":"standard","meta":{"footnotes":""},"categories":[2],"tags":[],"class_list":["post-38877","post","type-post","status-publish","format-standard","has-post-thumbnail","hentry","category-actual"],"_links":{"self":[{"href":"https:\/\/247stiri.ro\/index.php\/wp-json\/wp\/v2\/posts\/38877","targetHints":{"allow":["GET"]}}],"collection":[{"href":"https:\/\/247stiri.ro\/index.php\/wp-json\/wp\/v2\/posts"}],"about":[{"href":"https:\/\/247stiri.ro\/index.php\/wp-json\/wp\/v2\/types\/post"}],"replies":[{"embeddable":true,"href":"https:\/\/247stiri.ro\/index.php\/wp-json\/wp\/v2\/comments?post=38877"}],"version-history":[{"count":0,"href":"https:\/\/247stiri.ro\/index.php\/wp-json\/wp\/v2\/posts\/38877\/revisions"}],"wp:featuredmedia":[{"embeddable":true,"href":"https:\/\/247stiri.ro\/index.php\/wp-json\/wp\/v2\/media\/38878"}],"wp:attachment":[{"href":"https:\/\/247stiri.ro\/index.php\/wp-json\/wp\/v2\/media?parent=38877"}],"wp:term":[{"taxonomy":"category","embeddable":true,"href":"https:\/\/247stiri.ro\/index.php\/wp-json\/wp\/v2\/categories?post=38877"},{"taxonomy":"post_tag","embeddable":true,"href":"https:\/\/247stiri.ro\/index.php\/wp-json\/wp\/v2\/tags?post=38877"}],"curies":[{"name":"wp","href":"https:\/\/api.w.org\/{rel}","templated":true}]}}