{"id":38887,"date":"2025-03-12T16:45:49","date_gmt":"2025-03-12T16:45:49","guid":{"rendered":"https:\/\/247stiri.ro\/index.php\/2025\/03\/12\/prim-vicepresedintele-psd-daniel-baluta-va-coordona-campania-electorala-a-candidatului-aliantei-romania-inainte-crin-antonescu\/"},"modified":"2025-03-12T16:45:49","modified_gmt":"2025-03-12T16:45:49","slug":"prim-vicepresedintele-psd-daniel-baluta-va-coordona-campania-electorala-a-candidatului-aliantei-romania-inainte-crin-antonescu","status":"publish","type":"post","link":"https:\/\/247stiri.ro\/index.php\/2025\/03\/12\/prim-vicepresedintele-psd-daniel-baluta-va-coordona-campania-electorala-a-candidatului-aliantei-romania-inainte-crin-antonescu\/","title":{"rendered":"Prim-vicepre\u0219edintele PSD, Daniel B\u0103lu\u021b\u0103, va coordona campania electoral\u0103 a candidatului alian\u021bei \u201eRom\u00e2nia, \u00cenainte!\u201d, Crin Antonescu"},"content":{"rendered":"<p>Grupul va fi condus de prim-vicepre\u0219edintele Daniel B\u0103lu\u021b\u0103, al\u0103turi de al\u021bi membri PSD, specializa\u021bi pe teme de importan\u021b\u0103 major\u0103, de la comunicare p\u00e2n\u0103 la politici publice \u0219i alte ini\u021biative de implementat \u00een campania electoral\u0103 pentru alegerile programate \u00een luna mai.<\/p>\n<p>\u00a0Din acest grup vor mai face parte lideri ai Partidului Social Democrat, \u00eentre care Lucian Roma\u0219canu (comunicare), Alfred Simonis (campanie online), Daniel Zamfir (politici publice), Victor Negrescu (responsabil afaceri europene) precum \u0219i primarul Sectorului 2, Rare\u0219 Hopinc\u0103, \u00een sarcina c\u0103ruia a fost stabilit\u0103 coordonarea campaniei electorale la nivelul Bucure\u0219tiului.<\/p>\n\n<p>\u201eDup\u0103 o perioad\u0103 extrem de agitat\u0103, \u00een care asupra Rom\u00e2niei a planat un risc semnificativ la adresa securit\u0103\u021bii \u0219i siguran\u021bei na\u021bionale, avem \u0219ansa, iat\u0103, s\u0103 readucem lini\u0219tea, pacea \u0219i prosperitatea \u00een inimile \u0219i \u00een casele rom\u00e2nilor.<\/p>\n<p>Sunt onorat s\u0103 coordonez eforturile echipei de campanie electoral\u0103 pe care o vom construi \u00een jurul domnului Crin Antonescu. Am convingerea c\u0103 avem cel mai bun candidat pentru func\u021bia de pre\u0219edinte al Rom\u00e2niei, care are puterea \u0219i \u00een\u021belepciunea de a pune cap\u0103t acestei perioade agitate, de a readuce \u00een aten\u021bie valorile democra\u021biei \u0219i de a uni societatea rom\u00e2neasc\u0103, at\u00e2t de dezbinat\u0103 \u00een aceste vremuri.<\/p>\n<p>\u00cenc\u0103 o dat\u0103, Partidul Social Democrat demonstreaz\u0103 c\u0103 e o for\u021b\u0103 politic\u0103 asumat\u0103 \u0219i responsabil\u0103, care, \u00een vremuri dificile, \u00ee\u0219i asum\u0103 r\u0103spunderea de a men\u021bine Rom\u00e2nia pe traseul ei european \u0219i pro-occidental.<\/p>\n\n<p>Faptul c\u0103 ast\u0103zi sus\u021binem un candidat al alian\u021bei \u201eRom\u00e2nia, \u00cenainte!\u201d, iar acesta nu este un reprezentant al PSD, este dovada maturit\u0103\u021bii Partidului Social Democrat, care pune pe primul loc valorile democratice, pro-occidentale \u0219i care lupt\u0103 s\u0103 combat\u0103 extremismul sub toate formele sale \u0219i s\u0103 readuc\u0103 lini\u0219tea rom\u00e2nilor.<\/p>\n<p>Doar \u00eentr-un astfel de context, de stabilitate \u0219i de predictibilitate, vom putea s\u0103 continu\u0103m programele de dezvoltare economic\u0103, s\u0103 atragem noi investi\u021bii, s\u0103 men\u021binem drumul european al Rom\u00e2niei\u201d, declar\u0103 Daniel B\u0103lu\u021b\u0103, prim-vicepre\u0219edintele PSD.<\/p>","protected":false},"excerpt":{"rendered":"<p>Grupul va fi condus de prim-vicepre\u0219edintele Daniel B\u0103lu\u021b\u0103, al\u0103turi de al\u021bi membri PSD, specializa\u021bi pe&hellip;<\/p>\n","protected":false},"author":0,"featured_media":38882,"comment_status":"open","ping_status":"open","sticky":false,"template":"","format":"standard","meta":{"footnotes":""},"categories":[2],"tags":[],"class_list":["post-38887","post","type-post","status-publish","format-standard","has-post-thumbnail","hentry","category-actual"],"_links":{"self":[{"href":"https:\/\/247stiri.ro\/index.php\/wp-json\/wp\/v2\/posts\/38887","targetHints":{"allow":["GET"]}}],"collection":[{"href":"https:\/\/247stiri.ro\/index.php\/wp-json\/wp\/v2\/posts"}],"about":[{"href":"https:\/\/247stiri.ro\/index.php\/wp-json\/wp\/v2\/types\/post"}],"replies":[{"embeddable":true,"href":"https:\/\/247stiri.ro\/index.php\/wp-json\/wp\/v2\/comments?post=38887"}],"version-history":[{"count":0,"href":"https:\/\/247stiri.ro\/index.php\/wp-json\/wp\/v2\/posts\/38887\/revisions"}],"wp:featuredmedia":[{"embeddable":true,"href":"https:\/\/247stiri.ro\/index.php\/wp-json\/wp\/v2\/media\/38882"}],"wp:attachment":[{"href":"https:\/\/247stiri.ro\/index.php\/wp-json\/wp\/v2\/media?parent=38887"}],"wp:term":[{"taxonomy":"category","embeddable":true,"href":"https:\/\/247stiri.ro\/index.php\/wp-json\/wp\/v2\/categories?post=38887"},{"taxonomy":"post_tag","embeddable":true,"href":"https:\/\/247stiri.ro\/index.php\/wp-json\/wp\/v2\/tags?post=38887"}],"curies":[{"name":"wp","href":"https:\/\/api.w.org\/{rel}","templated":true}]}}