{"id":38888,"date":"2025-03-12T16:45:49","date_gmt":"2025-03-12T16:45:49","guid":{"rendered":"https:\/\/247stiri.ro\/index.php\/2025\/03\/12\/accident-pe-autostrada-a1-sofer-de-80-de-ani-gasit-incarcerat-dupa-o-coliziune-violenta\/"},"modified":"2025-03-12T16:45:49","modified_gmt":"2025-03-12T16:45:49","slug":"accident-pe-autostrada-a1-sofer-de-80-de-ani-gasit-incarcerat-dupa-o-coliziune-violenta","status":"publish","type":"post","link":"https:\/\/247stiri.ro\/index.php\/2025\/03\/12\/accident-pe-autostrada-a1-sofer-de-80-de-ani-gasit-incarcerat-dupa-o-coliziune-violenta\/","title":{"rendered":"Accident pe autostrada A1: \u0219ofer de 80 de ani, g\u0103sit \u00eencarcerat dup\u0103 o coliziune violent\u0103"},"content":{"rendered":"<p>\u00cen urma impactului, \u0219oferul autoturismului, un b\u0103rbat de aproximativ 80 de ani, a r\u0103mas \u00eencarcerat \u00een vehicul.<\/p>\n<p>\u00a0<\/p>\n\n<p>\u00a0 \u00a0 \u00a0 \u00a0 \u00a0 \u00a0 \u00a0 \u00a0 \u00a0 \u00a0 \u00a0 \u00a0 \u00a0 \u00a0 \u00a0 \u00a0 \u00a0 \u00a0 \u00a0 \u00a0 \u00a0 \u00a0 \u00a0 \u00a0 \u00a0 \u00a0 \u00a0 \u00a0 \u00a0 Grav accident pe A1 \/ Sursa foto &#8211; ISU<\/p>\n<p>Autorit\u0103\u021bile au intervenit de urgen\u021b\u0103 la fa\u021ba locului<\/p>\n<p><a href=\"https:\/\/www.realitatea.net\/stiri\/actual\/grav-accident-rutier-cinci-victime-in-urma-impactului-printre-care-si-un-bebelus_67d1aad3bfd3f376ab56dc43\" target=\"_blank\">Echipajele de interven\u021bie<\/a> din cadrul Deta\u0219amentului Bolintin Deal au ajuns rapid la fa\u021ba locului, mobiliz\u00e2nd o autospecial\u0103 de stingere cu modul de descarcerare, o unitate de descarcerare \u0219i o ambulan\u021b\u0103 SAJ.\u00a0<\/p>\n\n<p>\u00a0 \u00a0 \u00a0 \u00a0 \u00a0 \u00a0 \u00a0 \u00a0 \u00a0 \u00a0 \u00a0 \u00a0 \u00a0 \u00a0 \u00a0 \u00a0 \u00a0 \u00a0 \u00a0 \u00a0 \u00a0 \u00a0Accident rutier \u00een aceast\u0103 diminea\u021b\u0103 \/ Sursa foto &#8211; ISU<\/p>\n<p>Salvatorii au utilizat echipamente speciale pentru a extrage victima din ma\u0219in\u0103, reu\u0219ind s\u0103 o elibereze \u00een siguran\u021b\u0103. B\u0103rbatul era con\u0219tient \u0219i cooperant, fiind preluat de echipajul medical \u0219i transportat la un spital din Capital\u0103 pentru investiga\u021bii suplimentare.<\/p>\n<p>\u00cen paralel, pompierii au luat m\u0103suri pentru prevenirea unui posibil incendiu la locul accidentului, \u00een timp ce poli\u021bi\u0219tii au demarat o anchet\u0103 pentru a stabili cauzele exacte ale coliziunii.\u00a0<\/p>\n<p>Autorit\u0103\u021bile fac apel la \u0219oferi s\u0103 circule cu pruden\u021b\u0103 \u0219i s\u0103 respecte <a href=\"https:\/\/www.realitatea.net\/stiri\/actual\/un-sofer-bulgar-a-facut-prapad-pe-centura-de-nord-a-craiovei-doua-tiruri-si-trei-masini-sau-facut-zob_67d1350000bc5d10e44a7d12\" target=\"_blank\">regulile de circula\u021bie<\/a> pentru siguran\u021ba tuturor participan\u021bilor la trafic.<\/p>","protected":false},"excerpt":{"rendered":"<p>\u00cen urma impactului, \u0219oferul autoturismului, un b\u0103rbat de aproximativ 80 de ani, a r\u0103mas \u00eencarcerat&hellip;<\/p>\n","protected":false},"author":0,"featured_media":38889,"comment_status":"open","ping_status":"open","sticky":false,"template":"","format":"standard","meta":{"footnotes":""},"categories":[2],"tags":[],"class_list":["post-38888","post","type-post","status-publish","format-standard","has-post-thumbnail","hentry","category-actual"],"_links":{"self":[{"href":"https:\/\/247stiri.ro\/index.php\/wp-json\/wp\/v2\/posts\/38888","targetHints":{"allow":["GET"]}}],"collection":[{"href":"https:\/\/247stiri.ro\/index.php\/wp-json\/wp\/v2\/posts"}],"about":[{"href":"https:\/\/247stiri.ro\/index.php\/wp-json\/wp\/v2\/types\/post"}],"replies":[{"embeddable":true,"href":"https:\/\/247stiri.ro\/index.php\/wp-json\/wp\/v2\/comments?post=38888"}],"version-history":[{"count":0,"href":"https:\/\/247stiri.ro\/index.php\/wp-json\/wp\/v2\/posts\/38888\/revisions"}],"wp:featuredmedia":[{"embeddable":true,"href":"https:\/\/247stiri.ro\/index.php\/wp-json\/wp\/v2\/media\/38889"}],"wp:attachment":[{"href":"https:\/\/247stiri.ro\/index.php\/wp-json\/wp\/v2\/media?parent=38888"}],"wp:term":[{"taxonomy":"category","embeddable":true,"href":"https:\/\/247stiri.ro\/index.php\/wp-json\/wp\/v2\/categories?post=38888"},{"taxonomy":"post_tag","embeddable":true,"href":"https:\/\/247stiri.ro\/index.php\/wp-json\/wp\/v2\/tags?post=38888"}],"curies":[{"name":"wp","href":"https:\/\/api.w.org\/{rel}","templated":true}]}}