{"id":38892,"date":"2025-03-12T16:45:51","date_gmt":"2025-03-12T16:45:51","guid":{"rendered":"https:\/\/247stiri.ro\/index.php\/2025\/03\/12\/elena-lasconi-isi-depune-joi-candidatura-la-alegerile-prezidentiale\/"},"modified":"2025-03-12T16:45:51","modified_gmt":"2025-03-12T16:45:51","slug":"elena-lasconi-isi-depune-joi-candidatura-la-alegerile-prezidentiale","status":"publish","type":"post","link":"https:\/\/247stiri.ro\/index.php\/2025\/03\/12\/elena-lasconi-isi-depune-joi-candidatura-la-alegerile-prezidentiale\/","title":{"rendered":"Elena Lasconi \u00ee\u015fi depune joi candidatura la alegerile preziden\u0163iale"},"content":{"rendered":"<p>Lasconi afirma, recent, c\u0103 va intra \u00een cursa pentru pre\u015fedin\u0163ia Rom\u00e2niei. de\u0219i ini\u0163ial, aceasta a propus o sus\u0163inere din partea tuturor partidelor pro-europene pentru o candidatur\u0103 a pre\u015fedintelui interimar Ilie Bolojan, potrivit news.ro.\u00a0La momentul respectiv, \u0219efa USR se ar\u0103ta gata s\u0103 se retrag\u0103 din cursa electoral\u0103, \u00een cazul unei eventuale candidaturi a pre\u0219edintelui interimar, \u00eens\u0103 acesta a anun\u0163at c\u0103 nu va candida.<\/p>\n<p>\u00a0<\/p>\n<p>\u00a0<\/p>","protected":false},"excerpt":{"rendered":"<p>Lasconi afirma, recent, c\u0103 va intra \u00een cursa pentru pre\u015fedin\u0163ia Rom\u00e2niei. de\u0219i ini\u0163ial, aceasta a&hellip;<\/p>\n","protected":false},"author":0,"featured_media":38884,"comment_status":"open","ping_status":"open","sticky":false,"template":"","format":"standard","meta":{"footnotes":""},"categories":[2],"tags":[],"class_list":["post-38892","post","type-post","status-publish","format-standard","has-post-thumbnail","hentry","category-actual"],"_links":{"self":[{"href":"https:\/\/247stiri.ro\/index.php\/wp-json\/wp\/v2\/posts\/38892","targetHints":{"allow":["GET"]}}],"collection":[{"href":"https:\/\/247stiri.ro\/index.php\/wp-json\/wp\/v2\/posts"}],"about":[{"href":"https:\/\/247stiri.ro\/index.php\/wp-json\/wp\/v2\/types\/post"}],"replies":[{"embeddable":true,"href":"https:\/\/247stiri.ro\/index.php\/wp-json\/wp\/v2\/comments?post=38892"}],"version-history":[{"count":0,"href":"https:\/\/247stiri.ro\/index.php\/wp-json\/wp\/v2\/posts\/38892\/revisions"}],"wp:featuredmedia":[{"embeddable":true,"href":"https:\/\/247stiri.ro\/index.php\/wp-json\/wp\/v2\/media\/38884"}],"wp:attachment":[{"href":"https:\/\/247stiri.ro\/index.php\/wp-json\/wp\/v2\/media?parent=38892"}],"wp:term":[{"taxonomy":"category","embeddable":true,"href":"https:\/\/247stiri.ro\/index.php\/wp-json\/wp\/v2\/categories?post=38892"},{"taxonomy":"post_tag","embeddable":true,"href":"https:\/\/247stiri.ro\/index.php\/wp-json\/wp\/v2\/tags?post=38892"}],"curies":[{"name":"wp","href":"https:\/\/api.w.org\/{rel}","templated":true}]}}