{"id":38894,"date":"2025-03-12T16:45:51","date_gmt":"2025-03-12T16:45:51","guid":{"rendered":"https:\/\/247stiri.ro\/index.php\/2025\/03\/12\/tanara-de-26-de-ani-in-stare-grava-la-spital-victima-s-a-aruncat-de-la-etajul-8-al-unui-bloc-din-timisoara\/"},"modified":"2025-03-12T16:45:51","modified_gmt":"2025-03-12T16:45:51","slug":"tanara-de-26-de-ani-in-stare-grava-la-spital-victima-s-a-aruncat-de-la-etajul-8-al-unui-bloc-din-timisoara","status":"publish","type":"post","link":"https:\/\/247stiri.ro\/index.php\/2025\/03\/12\/tanara-de-26-de-ani-in-stare-grava-la-spital-victima-s-a-aruncat-de-la-etajul-8-al-unui-bloc-din-timisoara\/","title":{"rendered":"T\u00e2n\u0103r\u0103 de 26 de ani, \u00een stare grav\u0103 la spital. Victima s-a aruncat de la etajul 8 al unui bloc din Timi\u0219oara"},"content":{"rendered":"<p>Cum s-a produs tragedia<\/p>\n<p>Poli\u021bi\u0219tii Sec\u021biei 4 Timi\u0219oara au fost alerta\u021bi printr-un apel de urgen\u021b\u0103 privind o persoan\u0103 c\u0103zut\u0103 de la \u00een\u0103l\u021bime. Ajun\u0219i la fa\u021ba locului, ace\u0219tia au constatat c\u0103 este vorba despre o t\u00e2n\u0103r\u0103 de origine suedez\u0103, care s-a precipitat de la etajul 8, oprindu-se pe terasa de la etajul 5. Echipajele medicale au intervenit rapid, stabiliz\u00e2nd victima \u015fi transport\u00e2nd-o de urgen\u021b\u0103 la spital pentru investiga\u021bii \u0219i tratament de specialitate.<\/p>\n<p>Autorit\u0103\u021bile <a href=\"https:\/\/www.realitatea.net\/stiri\/actual\/tragedie-in-pitesti-o-femeie-de-45-de-ani-a-murit-dupa-ce-a-cazut-de-la-etajul-3-al-blocului-in-care-locuia_67c6bb5b4343942676579d48\" target=\"_blank\">au deschis o anchet\u0103<\/a> pentru a determina circumstan\u021bele exacte ale incidentului. Poli\u021bi\u0219tii analizeaz\u0103 mai multe ipoteze \u0219i efectueaz\u0103 cercet\u0103ri pentru a stabili dac\u0103 a fost vorba despre un gest deliberat sau dac\u0103 exist\u0103 al\u021bi factori care ar fi putut contribui la producerea tragediei.<\/p>\n<p>Situa\u021bia tinerei este monitorizat\u0103 atent de medicii din <a href=\"https:\/\/www.realitatea.net\/stiri\/extern\/clipe-de-cosmar-in-cadrul-unei-nunti-un-cadavru-a-cazut-din-cer-chiar-in-fata-bisericii_670e2f515bfc5270816f97b6\" target=\"_blank\">cadrul unit\u0103\u021bii medicale<\/a> unde a fost internat\u0103.<\/p>","protected":false},"excerpt":{"rendered":"<p>Cum s-a produs tragedia Poli\u021bi\u0219tii Sec\u021biei 4 Timi\u0219oara au fost alerta\u021bi printr-un apel de urgen\u021b\u0103&hellip;<\/p>\n","protected":false},"author":0,"featured_media":38895,"comment_status":"open","ping_status":"open","sticky":false,"template":"","format":"standard","meta":{"footnotes":""},"categories":[2],"tags":[],"class_list":["post-38894","post","type-post","status-publish","format-standard","has-post-thumbnail","hentry","category-actual"],"_links":{"self":[{"href":"https:\/\/247stiri.ro\/index.php\/wp-json\/wp\/v2\/posts\/38894","targetHints":{"allow":["GET"]}}],"collection":[{"href":"https:\/\/247stiri.ro\/index.php\/wp-json\/wp\/v2\/posts"}],"about":[{"href":"https:\/\/247stiri.ro\/index.php\/wp-json\/wp\/v2\/types\/post"}],"replies":[{"embeddable":true,"href":"https:\/\/247stiri.ro\/index.php\/wp-json\/wp\/v2\/comments?post=38894"}],"version-history":[{"count":0,"href":"https:\/\/247stiri.ro\/index.php\/wp-json\/wp\/v2\/posts\/38894\/revisions"}],"wp:featuredmedia":[{"embeddable":true,"href":"https:\/\/247stiri.ro\/index.php\/wp-json\/wp\/v2\/media\/38895"}],"wp:attachment":[{"href":"https:\/\/247stiri.ro\/index.php\/wp-json\/wp\/v2\/media?parent=38894"}],"wp:term":[{"taxonomy":"category","embeddable":true,"href":"https:\/\/247stiri.ro\/index.php\/wp-json\/wp\/v2\/categories?post=38894"},{"taxonomy":"post_tag","embeddable":true,"href":"https:\/\/247stiri.ro\/index.php\/wp-json\/wp\/v2\/tags?post=38894"}],"curies":[{"name":"wp","href":"https:\/\/api.w.org\/{rel}","templated":true}]}}