{"id":38896,"date":"2025-03-12T16:45:52","date_gmt":"2025-03-12T16:45:52","guid":{"rendered":"https:\/\/247stiri.ro\/index.php\/2025\/03\/12\/ministerul-apararii-adauga-cinci-in-dotare-cinci-avioane-iar-99-sm-modernizate-la-fabrica-de-avioane-craiova\/"},"modified":"2025-03-12T16:45:52","modified_gmt":"2025-03-12T16:45:52","slug":"ministerul-apararii-adauga-cinci-in-dotare-cinci-avioane-iar-99-sm-modernizate-la-fabrica-de-avioane-craiova","status":"publish","type":"post","link":"https:\/\/247stiri.ro\/index.php\/2025\/03\/12\/ministerul-apararii-adauga-cinci-in-dotare-cinci-avioane-iar-99-sm-modernizate-la-fabrica-de-avioane-craiova\/","title":{"rendered":"Ministerul Ap\u0103r\u0103rii adaug\u0103 cinci \u00een dotare cinci avioane IAR-99 SM modernizate la Fabrica de Avioane Craiova"},"content":{"rendered":"<p>Ministrul Ap\u0103r\u0103rii Na\u021bionale, Angel T\u00e2lv\u0103r, a fost prezent la eveniment, av\u00e2nd ocazia s\u0103 participe la o demonstra\u021bie de zbor cu dou\u0103 dintre aeronavele modernizate.<\/p>\n<p>Pre\u0219edintele Consiliului Jude\u021bean Dolj, Cosmin Vasile, a subliniat importan\u021ba acestui proiect pentru economia local\u0103 \u0219i pentru industria de ap\u0103rare din Rom\u00e2nia. Modernizarea avioanelor IAR-99 SM nu doar c\u0103 \u00eembun\u0103t\u0103\u021be\u0219te dot\u0103rile MApN, dar creeaz\u0103 \u0219i oportunit\u0103\u021bi de dezvoltare pentru fabrica din Craiova, care joac\u0103 un rol esen\u021bial \u00een sus\u021binerea infrastructurii de ap\u0103rare a \u021b\u0103rii.<\/p>\n\n<p>Avionul IAR-99 SM este cunoscut pentru versatilitatea sa.\u00a0\u00centrebuin\u021barea principal\u0103 este aceea de avion de antrenament capabil s\u0103 asigure misiuni de atac la sol (CAS &#8211; close air support) precum \u0219i misiuni de recunoa\u0219tere.<\/p>\n<p>Primele studii pentru un avion de antrenament care s\u0103 \u00eenlocuiasc\u0103 modelul L-29 au \u00eenceput \u00een 1975 la INCREST. Proiectul a primit finan\u021bare \u00een 1979, primul prototip (S0001) zbur\u00e2nd pe 21 decembrie 1985. Produc\u021bia de serie a \u00eenceput \u00een 1987 cu un lot de zece avioane dintr-o comand\u0103 total\u0103 de 50 de aparate. Livr\u0103rile au \u00eenceput \u00een 1988, cele zece avioane fiind terminate p\u00e2n\u0103 \u00een septembrie 1989.<\/p>\n<p><a title=\"120 de avioane de lupta ar putea proteja cerul Ucrainei. Initiativa este una exclusiv europeana\" href=\"https:\/\/www.realitatea.net\/stiri\/actual\/120-de-avioane-de-lupta-ar-putea-proteja-cerul-ucrainei-initiativa-este-una-exclusiv-europeana_67caed53cbe16b17d2356157\">120 de avioane de lupt\u0103 ar putea proteja cerul Ucrainei. Ini\u021biativa este una exclusiv european\u0103<\/a><\/p>","protected":false},"excerpt":{"rendered":"<p>Ministrul Ap\u0103r\u0103rii Na\u021bionale, Angel T\u00e2lv\u0103r, a fost prezent la eveniment, av\u00e2nd ocazia s\u0103 participe la&hellip;<\/p>\n","protected":false},"author":0,"featured_media":38897,"comment_status":"open","ping_status":"open","sticky":false,"template":"","format":"standard","meta":{"footnotes":""},"categories":[2],"tags":[],"class_list":["post-38896","post","type-post","status-publish","format-standard","has-post-thumbnail","hentry","category-actual"],"_links":{"self":[{"href":"https:\/\/247stiri.ro\/index.php\/wp-json\/wp\/v2\/posts\/38896","targetHints":{"allow":["GET"]}}],"collection":[{"href":"https:\/\/247stiri.ro\/index.php\/wp-json\/wp\/v2\/posts"}],"about":[{"href":"https:\/\/247stiri.ro\/index.php\/wp-json\/wp\/v2\/types\/post"}],"replies":[{"embeddable":true,"href":"https:\/\/247stiri.ro\/index.php\/wp-json\/wp\/v2\/comments?post=38896"}],"version-history":[{"count":0,"href":"https:\/\/247stiri.ro\/index.php\/wp-json\/wp\/v2\/posts\/38896\/revisions"}],"wp:featuredmedia":[{"embeddable":true,"href":"https:\/\/247stiri.ro\/index.php\/wp-json\/wp\/v2\/media\/38897"}],"wp:attachment":[{"href":"https:\/\/247stiri.ro\/index.php\/wp-json\/wp\/v2\/media?parent=38896"}],"wp:term":[{"taxonomy":"category","embeddable":true,"href":"https:\/\/247stiri.ro\/index.php\/wp-json\/wp\/v2\/categories?post=38896"},{"taxonomy":"post_tag","embeddable":true,"href":"https:\/\/247stiri.ro\/index.php\/wp-json\/wp\/v2\/tags?post=38896"}],"curies":[{"name":"wp","href":"https:\/\/api.w.org\/{rel}","templated":true}]}}