{"id":38914,"date":"2025-03-12T17:45:06","date_gmt":"2025-03-12T17:45:06","guid":{"rendered":"https:\/\/247stiri.ro\/index.php\/2025\/03\/12\/zelenski-anunta-linia-rosie-pe-care-ucraina-nu-o-va-trece-pentru-un-potential-acord-de-pace-cu-putin\/"},"modified":"2025-03-12T17:45:06","modified_gmt":"2025-03-12T17:45:06","slug":"zelenski-anunta-linia-rosie-pe-care-ucraina-nu-o-va-trece-pentru-un-potential-acord-de-pace-cu-putin","status":"publish","type":"post","link":"https:\/\/247stiri.ro\/index.php\/2025\/03\/12\/zelenski-anunta-linia-rosie-pe-care-ucraina-nu-o-va-trece-pentru-un-potential-acord-de-pace-cu-putin\/","title":{"rendered":"Zelenski anun\u021b\u0103 \u201elinia ro\u0219ie\u201d pe care Ucraina nu o va trece pentru un poten\u021bial acord de pace cu Putin"},"content":{"rendered":"<p class=\"selectable-text copyable-text x15bjb6t x1n2onr6\">\u201eLupt\u0103m pentru independen\u021ba noastr\u0103. Prin urmare, nu vom recunoa\u0219te niciun teritoriu ocupat ca fiind al Rusiei. Acesta este un fapt\u201d, a spus Zelenski, potrivit The Kyiv Independent.<\/p>\n<p class=\"selectable-text copyable-text x15bjb6t x1n2onr6\">\u201ePoporul nostru a luptat pentru acest lucru, eroii no\u0219tri au murit. C\u00e2\u021bi r\u0103ni\u021bi, c\u00e2\u021bi au murit\u2026 nimeni nu va uita asta. Aceasta este cea mai important\u0103 linie ro\u0219ie. Nu vom l\u0103sa pe nimeni s\u0103 uite aceast\u0103 crim\u0103 \u00eempotriva Ucrainei\u201d, a ad\u0103ugat liderul de la Kiev.<\/p>\n<p class=\"selectable-text copyable-text x15bjb6t x1n2onr6\">Declara\u021bia vine\u00a0la o zi dup\u0103 ce oficialii Kievulului au fost de acord cu un armisti\u021biu de 30 de zile propus de Statele Unite \u00een timpul discu\u021biilor dintre cele dou\u0103 \u021b\u0103ri, care au avut loc \u00een Arabia Saudit\u0103. Ucraina a anun\u021bat c\u0103 este preg\u0103tit\u0103 s\u0103 avanseze cu planul privind \u00eencetarea focului dac\u0103 Rusia va face acela\u0219i lucru.<\/p>\n<p class=\"selectable-text copyable-text x15bjb6t x1n2onr6\">Secretarul de stat al SUA, Marco Rubio, a confirmat ulterior c\u0103 discu\u021biile de mar\u021bi dintre Kiev \u0219i Washington din Arabia Saudit\u0103 au inclus discu\u021bii despre poten\u021biale \u201econcesii teritoriale\u201d ca parte a unui acord negociat cu Rusia.<\/p>","protected":false},"excerpt":{"rendered":"<p>\u201eLupt\u0103m pentru independen\u021ba noastr\u0103. Prin urmare, nu vom recunoa\u0219te niciun teritoriu ocupat ca fiind al&hellip;<\/p>\n","protected":false},"author":0,"featured_media":38903,"comment_status":"open","ping_status":"open","sticky":false,"template":"","format":"standard","meta":{"footnotes":""},"categories":[2],"tags":[],"class_list":["post-38914","post","type-post","status-publish","format-standard","has-post-thumbnail","hentry","category-actual"],"_links":{"self":[{"href":"https:\/\/247stiri.ro\/index.php\/wp-json\/wp\/v2\/posts\/38914","targetHints":{"allow":["GET"]}}],"collection":[{"href":"https:\/\/247stiri.ro\/index.php\/wp-json\/wp\/v2\/posts"}],"about":[{"href":"https:\/\/247stiri.ro\/index.php\/wp-json\/wp\/v2\/types\/post"}],"replies":[{"embeddable":true,"href":"https:\/\/247stiri.ro\/index.php\/wp-json\/wp\/v2\/comments?post=38914"}],"version-history":[{"count":0,"href":"https:\/\/247stiri.ro\/index.php\/wp-json\/wp\/v2\/posts\/38914\/revisions"}],"wp:featuredmedia":[{"embeddable":true,"href":"https:\/\/247stiri.ro\/index.php\/wp-json\/wp\/v2\/media\/38903"}],"wp:attachment":[{"href":"https:\/\/247stiri.ro\/index.php\/wp-json\/wp\/v2\/media?parent=38914"}],"wp:term":[{"taxonomy":"category","embeddable":true,"href":"https:\/\/247stiri.ro\/index.php\/wp-json\/wp\/v2\/categories?post=38914"},{"taxonomy":"post_tag","embeddable":true,"href":"https:\/\/247stiri.ro\/index.php\/wp-json\/wp\/v2\/tags?post=38914"}],"curies":[{"name":"wp","href":"https:\/\/api.w.org\/{rel}","templated":true}]}}