{"id":38942,"date":"2025-03-12T19:44:55","date_gmt":"2025-03-12T19:44:55","guid":{"rendered":"https:\/\/247stiri.ro\/index.php\/2025\/03\/12\/scandal-de-amploare-la-liceu-o-profesoara-este-acuzata-ca-a-agresat-doi-elevi-in-timpul-pauzei\/"},"modified":"2025-03-12T19:44:55","modified_gmt":"2025-03-12T19:44:55","slug":"scandal-de-amploare-la-liceu-o-profesoara-este-acuzata-ca-a-agresat-doi-elevi-in-timpul-pauzei","status":"publish","type":"post","link":"https:\/\/247stiri.ro\/index.php\/2025\/03\/12\/scandal-de-amploare-la-liceu-o-profesoara-este-acuzata-ca-a-agresat-doi-elevi-in-timpul-pauzei\/","title":{"rendered":"Scandal de amploare la liceu: o profesoar\u0103 este acuzat\u0103 c\u0103 a agresat doi elevi \u00een timpul pauzei"},"content":{"rendered":"<p>Cum s-a ajuns la scandal?<\/p>\n<p>Potrivit primelor informa\u021bii, totul a \u00eenceput dup\u0103 ce unul dintre elevi l-a \u00eempins, \u00een joac\u0103, pe un coleg, iar acesta din urm\u0103 a atins-o accidental pe profesoar\u0103. Enervat\u0103 de incident, profesoara l-ar fi lovit peste fa\u021b\u0103 pe elevul care a atins-o, iar pe cel\u0103lalt l-ar fi urm\u0103rit p\u00e2n\u0103 \u00een toaleta b\u0103ie\u021bilor, unde ar fi \u00eencercat s\u0103 for\u021beze u\u0219a \u0219i l-ar fi agresat, arat\u0103 <a href=\"https:\/\/cronica-gaestiului.ro\/archives\/90907?fbclid=IwY2xjawI-ub1leHRuA2FlbQIxMAABHSxvK6OuuNWi5WUQzcIXFdx-uOOyofQB5ZXd5Ut_Ko8O4y6sAZg0uVd1mA_aem_ojA79tWj-W-8ef8pqyR13w\" target=\"_blank\">cronicagaestiului.ro.<\/a><\/p>\n<p><a href=\"https:\/\/www.realitatea.net\/stiri\/actual\/decizie-de-ultima-ora-in-cazul-studentul-care-ia-dat-foc-profesorului-de-matematica-in-sala-de-curs_67acac7d21033c15e24c4366\" target=\"_blank\">Cei doi elevi<\/a>, ambii \u00een v\u00e2rst\u0103 de 16 ani, au depus pl\u00e2ngere, iar conducerea liceului a decis ca profesoara s\u0103 fie retras\u0103 de la ore \u0219i s\u0103 fie repartizat\u0103 la activit\u0103\u021bi administrative p\u00e2n\u0103 la finalizarea cercet\u0103rilor. Totu\u0219i, se pare c\u0103 aceasta a ignorat m\u0103sura impus\u0103 \u0219i s-a prezentat \u00een continuare la ore, ceea ce a dus la un nou conflict, necesit\u00e2nd interven\u021bia poli\u021biei.<\/p>\n<p>Poli\u021bia a deschis un dosar penal<\/p>\n<p>Potrivit unui comunicat emis de IPJ D\u00e2mbovi\u021ba, poli\u021bi\u0219tii din G\u0103e\u0219ti au fost sesiza\u021bi pe 6 martie cu privire la incident. \u00cen urma verific\u0103rilor, s-a stabilit c\u0103 profesoara i-ar fi agresat fizic pe cei doi minori \u00een incinta unit\u0103\u021bii de \u00eenv\u0103\u021b\u0103m\u00e2nt. Pe numele acesteia a fost deschis un dosar penal pentru purtare abuziv\u0103.<\/p>\n<p>Un alt scandal a izbucnit pe 7 martie, c\u00e2nd profesoara a intrat din nou la ore, \u00eenc\u0103lc\u00e2nd dispozi\u021biile conducerii liceului. Poli\u021bia a fost din nou chemat\u0103 la fa\u021ba locului \u0219i a aplicat o sanc\u021biune contraven\u021bional\u0103 pentru tulburarea ordinii \u0219i lini\u0219tii publice.<\/p>\n<p>Surse din cadrul liceului sus\u021bin c\u0103 profesoara a avut \u0219i \u00een trecut un comportament tensionat at\u00e2t fa\u021b\u0103 de colegi, c\u00e2t \u0219i fa\u021b\u0103 de conducerea unit\u0103\u021bii. \u00cen urma evenimentului, cazul a fost raportat la Direc\u021bia Jude\u021bean\u0103 pentru Protec\u021bia Copilului D\u00e2mbovi\u021ba \u0219i la Inspectoratul \u0218colar Jude\u021bean D\u00e2mbovi\u021ba, care urmeaz\u0103 s\u0103 stabileasc\u0103 m\u0103surile ce se impun.<\/p>\n<p>R\u0103m\u00e2ne de v\u0103zut care va fi decizia final\u0103 \u00een acest caz, \u00eens\u0103 <a href=\"https:\/\/www.realitatea.net\/stiri\/actual\/dragoste-cu-nabadai-in-iasi-o-profesoara-a-batuto-crunt-pe-amanta-sotului-apoi-a-mers-acasa-sa-se-impace-cu-el_678aac5d78baef48dc5cd909\" target=\"_blank\">incidentul a generat un val de reac\u021bii<\/a> \u0219i \u00eengrijorare at\u00e2t \u00een r\u00e2ndul elevilor \u0219i p\u0103rin\u021bilor, c\u00e2t \u0219i \u00een comunitatea local\u0103.<\/p>","protected":false},"excerpt":{"rendered":"<p>Cum s-a ajuns la scandal? Potrivit primelor informa\u021bii, totul a \u00eenceput dup\u0103 ce unul dintre&hellip;<\/p>\n","protected":false},"author":0,"featured_media":38943,"comment_status":"open","ping_status":"open","sticky":false,"template":"","format":"standard","meta":{"footnotes":""},"categories":[2],"tags":[],"class_list":["post-38942","post","type-post","status-publish","format-standard","has-post-thumbnail","hentry","category-actual"],"_links":{"self":[{"href":"https:\/\/247stiri.ro\/index.php\/wp-json\/wp\/v2\/posts\/38942","targetHints":{"allow":["GET"]}}],"collection":[{"href":"https:\/\/247stiri.ro\/index.php\/wp-json\/wp\/v2\/posts"}],"about":[{"href":"https:\/\/247stiri.ro\/index.php\/wp-json\/wp\/v2\/types\/post"}],"replies":[{"embeddable":true,"href":"https:\/\/247stiri.ro\/index.php\/wp-json\/wp\/v2\/comments?post=38942"}],"version-history":[{"count":0,"href":"https:\/\/247stiri.ro\/index.php\/wp-json\/wp\/v2\/posts\/38942\/revisions"}],"wp:featuredmedia":[{"embeddable":true,"href":"https:\/\/247stiri.ro\/index.php\/wp-json\/wp\/v2\/media\/38943"}],"wp:attachment":[{"href":"https:\/\/247stiri.ro\/index.php\/wp-json\/wp\/v2\/media?parent=38942"}],"wp:term":[{"taxonomy":"category","embeddable":true,"href":"https:\/\/247stiri.ro\/index.php\/wp-json\/wp\/v2\/categories?post=38942"},{"taxonomy":"post_tag","embeddable":true,"href":"https:\/\/247stiri.ro\/index.php\/wp-json\/wp\/v2\/tags?post=38942"}],"curies":[{"name":"wp","href":"https:\/\/api.w.org\/{rel}","templated":true}]}}