{"id":38947,"date":"2025-03-12T20:45:16","date_gmt":"2025-03-12T20:45:16","guid":{"rendered":"https:\/\/247stiri.ro\/index.php\/2025\/03\/12\/un-puscarias-roman-a-fost-gasit-fara-viata-intr-o-inchisoare-din-italia-politia-crede-ca-s-ar-fi-sinucis\/"},"modified":"2025-03-12T20:45:16","modified_gmt":"2025-03-12T20:45:16","slug":"un-puscarias-roman-a-fost-gasit-fara-viata-intr-o-inchisoare-din-italia-politia-crede-ca-s-ar-fi-sinucis","status":"publish","type":"post","link":"https:\/\/247stiri.ro\/index.php\/2025\/03\/12\/un-puscarias-roman-a-fost-gasit-fara-viata-intr-o-inchisoare-din-italia-politia-crede-ca-s-ar-fi-sinucis\/","title":{"rendered":"Un pu\u0219c\u0103ria\u0219 rom\u00e2n a fost g\u0103sit f\u0103r\u0103 via\u021b\u0103 \u00eentr-o \u00eenchisoare din Italia. Poli\u021bia crede c\u0103 s-ar fi sinucis"},"content":{"rendered":"<p>Tragedia, care a avut loc luni diminea\u021b\u0103, a declan\u0219at o anchet\u0103 a autorit\u0103\u021bilor italiene, \u00een \u00eencercarea de a stabili cu exactitate circumstan\u021bele \u00een care s-a produs decesul.<\/p>\n<p>Moarte suspect\u0103 sau gest extrem?<\/p>\n<p><a href=\"https:\/\/www.realitatea.net\/stiri\/justitie\/un-cercetator-roman-a-fost-condamnat-in-franta-dupa-atacul-asupra-consulatului-rus-din-marsilia-el-a-aruncat-cocktailuri-molotov_67d1bad2c08acf71427b7bb2\" target=\"_blank\">Potrivit primelor informa\u021bii<\/a>, anchetatorii iau \u00een considerare ipoteza sinuciderii, \u00eens\u0103 cauzele exacte ale mor\u021bii urmeaz\u0103 s\u0103 fie clarificate de exper\u021bi. Parchetul din Paola a demarat o investiga\u021bie oficial\u0103, iar o echip\u0103 specializat\u0103 analizeaz\u0103 probele pentru a exclude orice alt\u0103 posibilitate.<\/p>\n<p>Surse din cadrul sindicatelor poli\u021biei penitenciare, citate de presa italian\u0103, sus\u021bin c\u0103 de\u021binutul ar fi recurs la un gest extrem, ridic\u00e2nd astfel \u00eentreb\u0103ri grave despre sprijinul psihologic oferit persoanelor aflate \u00een deten\u021bie.<\/p>\n<p>Problemele din sistemul penitenciar italian<\/p>\n<p>Incidentul readuce \u00een aten\u021bie condi\u021biile de trai din \u00eenchisorile italiene, criticate frecvent de organiza\u021biile pentru drepturile omului. Supraaglomerarea, lipsa resurselor \u0219i insuficien\u021ba sprijinului psihologic sunt doar c\u00e2teva dintre problemele semnalate de-a lungul timpului.<\/p>\n<p>Cazul rom\u00e2nului nu este unul singular. \u00cen ultimii ani, Italia s-a confruntat cu o cre\u0219tere alarmant\u0103 a cazurilor de sinucidere \u00een penitenciare, ceea ce a intensificat presiunile asupra autorit\u0103\u021bilor pentru a implementa m\u0103suri care s\u0103 previn\u0103 astfel de tragedii.<\/p>\n<p>Moartea de\u021binutului rom\u00e2n a st\u00e2rnit reac\u021bii at\u00e2t din partea sindicatelor din domeniul penitenciar, c\u00e2t \u0219i din partea organiza\u021biilor pentru drepturile omului, care cer \u00eembun\u0103t\u0103\u021birea serviciilor de asisten\u021b\u0103 psihologic\u0103 pentru de\u021binu\u021bi.<\/p>\n<p><a href=\"https:\/\/www.realitatea.net\/stiri\/extern\/influencerita-condamnata-la-inchisoare-pentru-blasfemie-pe-tiktok-tanara-a-transmis-ca-iisus-trebuie-sa-se-tunda_67d0843c51e62d1ef309f462\" target=\"_blank\">Ancheta \u00een desf\u0103\u0219urare<\/a> va stabili dac\u0103 sistemul penitenciar italian a respectat toate procedurile \u0219i dac\u0103 se impun m\u0103suri pentru prevenirea unor evenimente similare.<\/p>\n<p>\u00a0<\/p>","protected":false},"excerpt":{"rendered":"<p>Tragedia, care a avut loc luni diminea\u021b\u0103, a declan\u0219at o anchet\u0103 a autorit\u0103\u021bilor italiene, \u00een&hellip;<\/p>\n","protected":false},"author":0,"featured_media":38948,"comment_status":"open","ping_status":"open","sticky":false,"template":"","format":"standard","meta":{"footnotes":""},"categories":[4],"tags":[],"class_list":["post-38947","post","type-post","status-publish","format-standard","has-post-thumbnail","hentry","category-extern"],"_links":{"self":[{"href":"https:\/\/247stiri.ro\/index.php\/wp-json\/wp\/v2\/posts\/38947","targetHints":{"allow":["GET"]}}],"collection":[{"href":"https:\/\/247stiri.ro\/index.php\/wp-json\/wp\/v2\/posts"}],"about":[{"href":"https:\/\/247stiri.ro\/index.php\/wp-json\/wp\/v2\/types\/post"}],"replies":[{"embeddable":true,"href":"https:\/\/247stiri.ro\/index.php\/wp-json\/wp\/v2\/comments?post=38947"}],"version-history":[{"count":0,"href":"https:\/\/247stiri.ro\/index.php\/wp-json\/wp\/v2\/posts\/38947\/revisions"}],"wp:featuredmedia":[{"embeddable":true,"href":"https:\/\/247stiri.ro\/index.php\/wp-json\/wp\/v2\/media\/38948"}],"wp:attachment":[{"href":"https:\/\/247stiri.ro\/index.php\/wp-json\/wp\/v2\/media?parent=38947"}],"wp:term":[{"taxonomy":"category","embeddable":true,"href":"https:\/\/247stiri.ro\/index.php\/wp-json\/wp\/v2\/categories?post=38947"},{"taxonomy":"post_tag","embeddable":true,"href":"https:\/\/247stiri.ro\/index.php\/wp-json\/wp\/v2\/tags?post=38947"}],"curies":[{"name":"wp","href":"https:\/\/api.w.org\/{rel}","templated":true}]}}