{"id":39051,"date":"2025-03-13T08:45:07","date_gmt":"2025-03-13T08:45:07","guid":{"rendered":"https:\/\/247stiri.ro\/index.php\/2025\/03\/13\/iarna-nu-se-da-dusa-drumarii-au-intervenit-pe-mai-multe-sosele-din-tara-cu-utilaje-de-deszapezire-si-material-antiderapant\/"},"modified":"2025-03-13T08:45:07","modified_gmt":"2025-03-13T08:45:07","slug":"iarna-nu-se-da-dusa-drumarii-au-intervenit-pe-mai-multe-sosele-din-tara-cu-utilaje-de-deszapezire-si-material-antiderapant","status":"publish","type":"post","link":"https:\/\/247stiri.ro\/index.php\/2025\/03\/13\/iarna-nu-se-da-dusa-drumarii-au-intervenit-pe-mai-multe-sosele-din-tara-cu-utilaje-de-deszapezire-si-material-antiderapant\/","title":{"rendered":"Iarna nu se d\u0103 dus\u0103. Drumarii au intervenit pe mai multe \u0219osele din \u021bar\u0103 cu utilaje de desz\u0103pezire \u0219i material antiderapant"},"content":{"rendered":"<p>Prefectura Maramure\u0219 a anun\u021bat c\u0103 \u00een cursul nop\u021bii trecute, dar \u0219i joi diminea\u021b\u0103, angaja\u021bii Sec\u021biei de Drumuri Na\u021bionale (SDN) Baia Mare \u0219i cei ai Sec\u021biei de drumuri jude\u021bene au intervenit cu utilaje \u0219i material antiderapant pe mai multe artere \u0219i pe DN 18, \u00een Pasul Gut\u00e2i.<\/p>\n<p>Potrivit reprezentan\u021bilor institu\u021biei, \u00een zona montan\u0103 stratul de z\u0103pad\u0103 m\u0103sura peste 30 de centimetri.<\/p>\n<p>\u201dAngaja\u021bii Sec\u021biei de Drumuri Na\u021bionale au ac\u021bionat cu un utilaj \u0219i au r\u0103sp\u00e2ndit dou\u0103 tone de material antiderapant pe DN 18. (&#8230;) Angaja\u021bii Sec\u021biei de drumuri jude\u021bene au intervenit cu un utilaj \u0219i au \u00eempr\u0103\u0219tiat patru tone de material antiderapant\u201d, a declarat purt\u0103torul de cuv\u00e2nt al Prefecturii Maramure\u0219, Dan Buc\u0103.<\/p>\n<p>Acesta a \u021binut s\u0103 precizeze faptul c\u0103 \u00een Mun\u021bii Rodnei stratul de z\u0103pad\u0103 este de aproape un jum\u0103tate de metru, iar viteza v\u00e2ntului \u00een zona alpin\u0103 este de aproximativ 70 km\/h.<\/p>\n<p>\u201dStratul de z\u0103pad\u0103 este prezent doar \u00een zona \u00eenalt\u0103 de munte \u0219i m\u0103sura p\u00e2n\u0103 la 38 de centimetri la sta\u021bia meteo Iezer, iar v\u00e2ntul a suflat slab la moderat, cu intensific\u0103ri \u00een zona montan\u0103 \u00eenalt\u0103 la rafal\u0103 de p\u00e2n\u0103 la 76 km\/h\u201d, a mai spus Dan Buc\u0103.<\/p>","protected":false},"excerpt":{"rendered":"<p>Prefectura Maramure\u0219 a anun\u021bat c\u0103 \u00een cursul nop\u021bii trecute, dar \u0219i joi diminea\u021b\u0103, angaja\u021bii Sec\u021biei&hellip;<\/p>\n","protected":false},"author":0,"featured_media":39030,"comment_status":"open","ping_status":"open","sticky":false,"template":"","format":"standard","meta":{"footnotes":""},"categories":[2],"tags":[],"class_list":["post-39051","post","type-post","status-publish","format-standard","has-post-thumbnail","hentry","category-actual"],"_links":{"self":[{"href":"https:\/\/247stiri.ro\/index.php\/wp-json\/wp\/v2\/posts\/39051","targetHints":{"allow":["GET"]}}],"collection":[{"href":"https:\/\/247stiri.ro\/index.php\/wp-json\/wp\/v2\/posts"}],"about":[{"href":"https:\/\/247stiri.ro\/index.php\/wp-json\/wp\/v2\/types\/post"}],"replies":[{"embeddable":true,"href":"https:\/\/247stiri.ro\/index.php\/wp-json\/wp\/v2\/comments?post=39051"}],"version-history":[{"count":0,"href":"https:\/\/247stiri.ro\/index.php\/wp-json\/wp\/v2\/posts\/39051\/revisions"}],"wp:featuredmedia":[{"embeddable":true,"href":"https:\/\/247stiri.ro\/index.php\/wp-json\/wp\/v2\/media\/39030"}],"wp:attachment":[{"href":"https:\/\/247stiri.ro\/index.php\/wp-json\/wp\/v2\/media?parent=39051"}],"wp:term":[{"taxonomy":"category","embeddable":true,"href":"https:\/\/247stiri.ro\/index.php\/wp-json\/wp\/v2\/categories?post=39051"},{"taxonomy":"post_tag","embeddable":true,"href":"https:\/\/247stiri.ro\/index.php\/wp-json\/wp\/v2\/tags?post=39051"}],"curies":[{"name":"wp","href":"https:\/\/api.w.org\/{rel}","templated":true}]}}