{"id":39052,"date":"2025-03-13T08:45:07","date_gmt":"2025-03-13T08:45:07","guid":{"rendered":"https:\/\/247stiri.ro\/index.php\/2025\/03\/13\/incep-negocierile-detaliate-pentru-formarea-guvernului-germaniei-conservatorii-si-social-democratii-la-masa-negocierilor\/"},"modified":"2025-03-13T08:45:07","modified_gmt":"2025-03-13T08:45:07","slug":"incep-negocierile-detaliate-pentru-formarea-guvernului-germaniei-conservatorii-si-social-democratii-la-masa-negocierilor","status":"publish","type":"post","link":"https:\/\/247stiri.ro\/index.php\/2025\/03\/13\/incep-negocierile-detaliate-pentru-formarea-guvernului-germaniei-conservatorii-si-social-democratii-la-masa-negocierilor\/","title":{"rendered":"\u00cencep negocierile detaliate pentru formarea guvernului Germaniei. Conservatorii \u0219i social-democra\u021bii, la masa negocierilor"},"content":{"rendered":"<p>Dup\u0103 ce \u0219i-au asigurat o victorie clar\u0103 \u00een alegerile parlamentare din 23 februarie, Uniunea Cre\u0219tin-Democrat\u0103 (CDU) \u0219i aliatul s\u0103u bavarez tradi\u021bional, Uniunea Cre\u0219tin-Social\u0103 (CSU), au c\u0103zut de acord asupra unei serii de puncte esen\u021biale \u00een discu\u021biile exploratorii cu social-democra\u021bii.Acum, 16 grupuri de lucru, fiecare format din 16 reprezentan\u021bi ai CDU, CSU \u0219i SPD, vor purta negocieri asupra detaliilor unui draft de program guvernamental. Grupurile de lucru urmeaz\u0103 s\u0103 se \u00eent\u00e2lneasc\u0103 timp de 10 zile, iar activitatea lor va fi apoi preluat\u0103 de o echip\u0103 de negociere care va include liderii partidelor participante la guvernare.Ulterior, un proiect final al acordului de coali\u021bie va fi supus aprob\u0103rii celor trei partide.SPD a declarat deja c\u0103 va dori s\u0103-\u0219i consulte membrii cu privire la acordul respectiv.De partea sa, liderul CDU Friedrich Merz, foarte probabil viitorul cancelar, a anun\u021bat c\u0103 obiectivul este ca noul executiv s\u0103 \u00ee\u0219i preia mandatul p\u00e2n\u0103 la jum\u0103tatea lunii aprilie.<\/p>","protected":false},"excerpt":{"rendered":"<p>Dup\u0103 ce \u0219i-au asigurat o victorie clar\u0103 \u00een alegerile parlamentare din 23 februarie, Uniunea Cre\u0219tin-Democrat\u0103&hellip;<\/p>\n","protected":false},"author":0,"featured_media":39032,"comment_status":"open","ping_status":"open","sticky":false,"template":"","format":"standard","meta":{"footnotes":""},"categories":[2],"tags":[],"class_list":["post-39052","post","type-post","status-publish","format-standard","has-post-thumbnail","hentry","category-actual"],"_links":{"self":[{"href":"https:\/\/247stiri.ro\/index.php\/wp-json\/wp\/v2\/posts\/39052","targetHints":{"allow":["GET"]}}],"collection":[{"href":"https:\/\/247stiri.ro\/index.php\/wp-json\/wp\/v2\/posts"}],"about":[{"href":"https:\/\/247stiri.ro\/index.php\/wp-json\/wp\/v2\/types\/post"}],"replies":[{"embeddable":true,"href":"https:\/\/247stiri.ro\/index.php\/wp-json\/wp\/v2\/comments?post=39052"}],"version-history":[{"count":0,"href":"https:\/\/247stiri.ro\/index.php\/wp-json\/wp\/v2\/posts\/39052\/revisions"}],"wp:featuredmedia":[{"embeddable":true,"href":"https:\/\/247stiri.ro\/index.php\/wp-json\/wp\/v2\/media\/39032"}],"wp:attachment":[{"href":"https:\/\/247stiri.ro\/index.php\/wp-json\/wp\/v2\/media?parent=39052"}],"wp:term":[{"taxonomy":"category","embeddable":true,"href":"https:\/\/247stiri.ro\/index.php\/wp-json\/wp\/v2\/categories?post=39052"},{"taxonomy":"post_tag","embeddable":true,"href":"https:\/\/247stiri.ro\/index.php\/wp-json\/wp\/v2\/tags?post=39052"}],"curies":[{"name":"wp","href":"https:\/\/api.w.org\/{rel}","templated":true}]}}