{"id":39076,"date":"2025-03-13T09:45:30","date_gmt":"2025-03-13T09:45:30","guid":{"rendered":"https:\/\/247stiri.ro\/index.php\/2025\/03\/13\/ccr-se-reuneste-astazi-de-la-ora-14-00-crin-antonescu-vizat-de-o-noua-contestatie-este-acuzat-de-sustinerea-cultului-legionar-si-tentativa-de-lovitura-de-stat\/"},"modified":"2025-03-13T09:45:30","modified_gmt":"2025-03-13T09:45:30","slug":"ccr-se-reuneste-astazi-de-la-ora-14-00-crin-antonescu-vizat-de-o-noua-contestatie-este-acuzat-de-sustinerea-cultului-legionar-si-tentativa-de-lovitura-de-stat","status":"publish","type":"post","link":"https:\/\/247stiri.ro\/index.php\/2025\/03\/13\/ccr-se-reuneste-astazi-de-la-ora-14-00-crin-antonescu-vizat-de-o-noua-contestatie-este-acuzat-de-sustinerea-cultului-legionar-si-tentativa-de-lovitura-de-stat\/","title":{"rendered":"CCR se reune\u0219te ast\u0103zi de la ora 14.00. Crin Antonescu, vizat de o nou\u0103 contesta\u0163ie &#8211; este acuzat de sus\u0163inerea cultului legionar \u015fi tentativ\u0103 de lovitur\u0103 de stat"},"content":{"rendered":"<p>\u201d\u015eedin\u0163a de judecat\u0103 a Cur\u0163ii Constitu\u0163ionale privind contesta\u0163iile \u00eenregistrate \u00een temeiul Legii nr.370\/2004 va avea loc joi, 13 martie 2025, ora 14:00 (pe baza sesiz\u0103rilor \u015fi a celorlalte documente depuse la dosar p\u00e2n\u0103 la data de 13 martie 2025, ora 13:30)\u201d, a transmis, joi, CCR.<\/p>\n<p>Una dintre contesta\u0163iile care va fi luat\u0103 \u00een discu\u0163ie vizeaz\u0103 candidatura lui Crin Antinescu.<\/p>\n<p>\u201d\u00cen data de 12 martie 2025, a fost \u00eenregistrat\u0103 la Curtea Constitu\u0163ional\u0103 contesta\u0163ia formulat\u0103 de domnul S.C.A. \u00eempotriva Deciziei Biroului Electoral Central nr.20D\/11.03.2025 privind \u00eenregistrarea candidaturii domnului ANTONESCU George Crin Lauren\u0163iu \u015fi a semnului electoral la alegerile pentru Pre\u015fedintele Rom\u00e2niei din anul 2025\u201d, a mai transmis CCE.<\/p>\n<p>Contesta\u0163ia formeaz\u0103 obiectul Dosarului Cur\u0163ii Constitu\u0163ionale\u00a0nr.980F\/2025.<\/p>\n<p>Semnatarul sesiz\u0103rii apreciaz\u0103 c\u0103, de\u015fi jur\u0103m\u00eentulm de credin\u0163\u0103m se depune de c\u0103tre candodatul c\u00e2\u015ftig\u0103tor al alegerilor, \u201delementele cuprinse \u0103n jur\u0103m\u00e2ntul de credin\u0163\u0103 sunt condi\u0163ii de eligibilitate \u015fi de fond pentru a candida la func\u0163ia de pre\u015fedinte pe care candidatul trebuie s\u0103 le \u00eendeplineasc\u0103\u201d.<\/p>\n<p>\u201dConsider c\u0103 ac\u0163iunile \u015fi faptele domnului Crin Antonescu, anterioare depunerii candidaturii\u00a0 (&#8230;) dovedesc c\u0103 acesta nu ar putea \u00eendeplini consi\u0163iile de eligibilitate\u201d, se arat\u0103 \u00een document.<\/p>\n<p>Semnatarul afirm\u0103 c\u0103, \u00een anul 2015, Crin Antronescu a afirmat c\u0103 este un admirator al lui Ion Gavril\u0103 Ogoranu, fost membru al Mi\u015fc\u0103rii Legionare, pe care Antonescu l-a calificat ca fiind \u201dun erou al Rom\u00e2niei\u201d.<\/p>\n<p>Candidatul mai este acuzat de \u201dtentativ\u0103 de lovitur\u0103 de stat\u201d, prin semnarea protocolului de constituire a USL care ulterior a \u201drevocat conducerea Parlamentului, a schimbat Avocatul Poporului, a ini\u0163iat \u015fi votat suspendarea pre\u015fedintelui Traian B\u0103sescu\u201d.<\/p>\n<p>Antonescu mai este acuzat de \u201dsus\u0163inerea declarat\u0103 a formei de guvern\u0103m\u00e2nt a monarhiei\u201d.<\/p>","protected":false},"excerpt":{"rendered":"<p>\u201d\u015eedin\u0163a de judecat\u0103 a Cur\u0163ii Constitu\u0163ionale privind contesta\u0163iile \u00eenregistrate \u00een temeiul Legii nr.370\/2004 va avea&hellip;<\/p>\n","protected":false},"author":0,"featured_media":39077,"comment_status":"open","ping_status":"open","sticky":false,"template":"","format":"standard","meta":{"footnotes":""},"categories":[3],"tags":[],"class_list":["post-39076","post","type-post","status-publish","format-standard","has-post-thumbnail","hentry","category-politica"],"_links":{"self":[{"href":"https:\/\/247stiri.ro\/index.php\/wp-json\/wp\/v2\/posts\/39076","targetHints":{"allow":["GET"]}}],"collection":[{"href":"https:\/\/247stiri.ro\/index.php\/wp-json\/wp\/v2\/posts"}],"about":[{"href":"https:\/\/247stiri.ro\/index.php\/wp-json\/wp\/v2\/types\/post"}],"replies":[{"embeddable":true,"href":"https:\/\/247stiri.ro\/index.php\/wp-json\/wp\/v2\/comments?post=39076"}],"version-history":[{"count":0,"href":"https:\/\/247stiri.ro\/index.php\/wp-json\/wp\/v2\/posts\/39076\/revisions"}],"wp:featuredmedia":[{"embeddable":true,"href":"https:\/\/247stiri.ro\/index.php\/wp-json\/wp\/v2\/media\/39077"}],"wp:attachment":[{"href":"https:\/\/247stiri.ro\/index.php\/wp-json\/wp\/v2\/media?parent=39076"}],"wp:term":[{"taxonomy":"category","embeddable":true,"href":"https:\/\/247stiri.ro\/index.php\/wp-json\/wp\/v2\/categories?post=39076"},{"taxonomy":"post_tag","embeddable":true,"href":"https:\/\/247stiri.ro\/index.php\/wp-json\/wp\/v2\/tags?post=39076"}],"curies":[{"name":"wp","href":"https:\/\/api.w.org\/{rel}","templated":true}]}}