{"id":39078,"date":"2025-03-13T09:45:31","date_gmt":"2025-03-13T09:45:31","guid":{"rendered":"https:\/\/247stiri.ro\/index.php\/2025\/03\/13\/decizie-radicala-volkswagen-ar-putea-produce-vehicule-militare\/"},"modified":"2025-03-13T09:45:31","modified_gmt":"2025-03-13T09:45:31","slug":"decizie-radicala-volkswagen-ar-putea-produce-vehicule-militare","status":"publish","type":"post","link":"https:\/\/247stiri.ro\/index.php\/2025\/03\/13\/decizie-radicala-volkswagen-ar-putea-produce-vehicule-militare\/","title":{"rendered":"Decizie radical\u0103. Volkswagen ar putea produce vehicule militare"},"content":{"rendered":"<p>Produc\u0103torul auto german este dispus s\u0103 produc\u0103 vehicule militare pentru a sprijini eforturile de ap\u0103rare ale Uniunii Europene, pe m\u0103sur\u0103 ce tensiunile politice cresc la nivel global.<\/p>\n<p>\u00a0<\/p>\n<p>Pe m\u0103sur\u0103 ce tensiunea dintre marile puteri cre\u0219te la nivel global, Europa vrea s\u0103 \u00ee\u0219i consolideze ap\u0103rarea, iar Volkswagen este, aparent, gata s\u0103 ajute acest demers. Vestea a venit \u00een timpul conferin\u021bei de pres\u0103 anuale a companiei.<\/p>\n<p>\u00a0<\/p>\n<p>\u00cen spatele acestei declara\u021bii st\u0103 o scen\u0103 politic\u0103 tot mai volatil\u0103, alimentat\u0103 de conflictele dintre\u00a0Donald Trump\u00a0\u0219i al\u021bi lideri politici precum Volodimir Zelenski, Justin Trudeau, dar \u0219i lideri ai statelor europene. Pre\u0219edintele SUA a sistat ajutorul militar pentru Ucraina \u0219i face presiuni pe \u021b\u0103rile membre NATO pentru a-\u0219i cre\u0219te bugetele alocate ap\u0103r\u0103rii.<\/p>\n<p>\u00a0<\/p>\n<p>Astfel, Uniunea European\u0103 este nevoit\u0103 s\u0103 \u00ee\u0219i consolideze ap\u0103rarea, cu un plan ambi\u021bios \u00een valoare de circa 800 de miliarde de euro prin ini\u021biativa ReArm. S\u0103pt\u0103m\u00e2na trecut\u0103, Comisia European\u0103 a pornit o mobilizare pentru resurse care p\u0103rea de ne\u00eenchipuit \u00een urm\u0103 cu doar c\u00e2\u021biva ani.<\/p>\n<p>Volkswagen ar putea produce vehicule militare, dat\u0103 fiind situa\u021bia geopolitic\u0103 actual\u0103<\/p>\n<p>Potrivit unui raport publicat de\u00a0<a href=\"https:\/\/www.bloomberg.com\/news\/articles\/2025-03-11\/volkswagen-eyes-defense-role-as-europe-bolsters-arms-spending?srnd=phx-hyperdrive&amp;embedded-checkout=true\" target=\"_blank\">Bloomberg<\/a>, directorul general al Volkswagen, Oliver Blume, a declarat cu ocazia acestei conferin\u021be c\u0103 este preg\u0103tit s\u0103 produc\u0103 vehicule militare, ba chiar consilieze al\u021bi produc\u0103tori \u00een ceea ce prive\u0219te dezvoltarea \u0219i produc\u021bia de echipament militar.<\/p>\n<p>\u201eAvem expertiz\u0103 \u00een domeniul auto \u0219i suntem, de asemenea, disponibili pentru a oferi sfaturi, dar \u00een acest moment totul este complet deschis\u201d, a declarat Blume. Deocamdat\u0103 \u00eenc\u0103 nu au loc discu\u021bii concrete. Cu toate acestea, Volkswagen are deja o ramur\u0103 implicat\u0103 \u00een industria de ap\u0103rare, vehiculele militare fiind dezvoltate \u00een baza unui contract \u00eentre MAN Truck &amp; Bus \u0219i Rheinmetall AG.<\/p>\n<p>Nu ar fi prima dat\u0103 c\u00e2nd Volkswagen ar produce vehicule militare, dat fiind faptul c\u0103 produc\u0103torul a dezvoltat \u0219i construit vehicule precum Type 181, folosite \u00een cel de-al doilea R\u0103zboi Mondial de c\u0103tre armata german\u0103. Acest autovehicul a fost apoi comercializat \u0219i c\u0103tre public, iar \u00een\u00a0SUA\u00a0a fost v\u00e2ndut sub numele de Volkswagen Thing.<\/p>","protected":false},"excerpt":{"rendered":"<p>Produc\u0103torul auto german este dispus s\u0103 produc\u0103 vehicule militare pentru a sprijini eforturile de ap\u0103rare&hellip;<\/p>\n","protected":false},"author":0,"featured_media":39061,"comment_status":"open","ping_status":"open","sticky":false,"template":"","format":"standard","meta":{"footnotes":""},"categories":[2],"tags":[],"class_list":["post-39078","post","type-post","status-publish","format-standard","has-post-thumbnail","hentry","category-actual"],"_links":{"self":[{"href":"https:\/\/247stiri.ro\/index.php\/wp-json\/wp\/v2\/posts\/39078","targetHints":{"allow":["GET"]}}],"collection":[{"href":"https:\/\/247stiri.ro\/index.php\/wp-json\/wp\/v2\/posts"}],"about":[{"href":"https:\/\/247stiri.ro\/index.php\/wp-json\/wp\/v2\/types\/post"}],"replies":[{"embeddable":true,"href":"https:\/\/247stiri.ro\/index.php\/wp-json\/wp\/v2\/comments?post=39078"}],"version-history":[{"count":0,"href":"https:\/\/247stiri.ro\/index.php\/wp-json\/wp\/v2\/posts\/39078\/revisions"}],"wp:featuredmedia":[{"embeddable":true,"href":"https:\/\/247stiri.ro\/index.php\/wp-json\/wp\/v2\/media\/39061"}],"wp:attachment":[{"href":"https:\/\/247stiri.ro\/index.php\/wp-json\/wp\/v2\/media?parent=39078"}],"wp:term":[{"taxonomy":"category","embeddable":true,"href":"https:\/\/247stiri.ro\/index.php\/wp-json\/wp\/v2\/categories?post=39078"},{"taxonomy":"post_tag","embeddable":true,"href":"https:\/\/247stiri.ro\/index.php\/wp-json\/wp\/v2\/tags?post=39078"}],"curies":[{"name":"wp","href":"https:\/\/api.w.org\/{rel}","templated":true}]}}