{"id":39082,"date":"2025-03-13T09:45:32","date_gmt":"2025-03-13T09:45:32","guid":{"rendered":"https:\/\/247stiri.ro\/index.php\/2025\/03\/13\/presedintele-poloniei-despre-anularea-alegerilor-prezidentiale-ceea-ce-s-a-intamplat-in-romania-este-foarte-ingrijorator-si-nu-indeplineste-standardele-democratice-europene\/"},"modified":"2025-03-13T09:45:32","modified_gmt":"2025-03-13T09:45:32","slug":"presedintele-poloniei-despre-anularea-alegerilor-prezidentiale-ceea-ce-s-a-intamplat-in-romania-este-foarte-ingrijorator-si-nu-indeplineste-standardele-democratice-europene","status":"publish","type":"post","link":"https:\/\/247stiri.ro\/index.php\/2025\/03\/13\/presedintele-poloniei-despre-anularea-alegerilor-prezidentiale-ceea-ce-s-a-intamplat-in-romania-este-foarte-ingrijorator-si-nu-indeplineste-standardele-democratice-europene\/","title":{"rendered":"Pre\u015fedintele Poloniei, despre anularea alegerilor preziden\u021biale: \u201eCeea ce s-a \u00eent\u00e2mplat \u00een Rom\u00e2nia este foarte \u00eengrijor\u0103tor \u015fi nu \u00eendepline\u015fte standardele democratice europene\u201d"},"content":{"rendered":"<p>\u00centrebat dac\u0103 administra\u0163ia Trump ar putea influen\u0163a alegerile preziden\u0163iale poloneze din luna mai, pre\u015fedintele Duda a declarat c\u0103 este \u201econvins c\u0103 polonezii \u00ee\u015fi vor lua propriile decizii\u201d, dar \u015fi-a exprimat \u00eengrijorarea cu privire la un rezultat contestat al alegerilor, precum cel din Rom\u00e2nia, av\u00e2nd \u00een vedere c\u0103 judec\u0103torii vor trebui, de asemenea, s\u0103 valideze rezultatele poloneze.<\/p>\n<p>\u201eNu exist\u0103 nicio \u00eendoial\u0103 c\u0103 \u00een prezent avem de-a face cu o criz\u0103 constitu\u0163ional\u0103 foarte grav\u0103 \u00een Polonia\u201d, a spus Duda, care este \u00een conflict cu guvernul premierului Donald Tusk. \u201eCeea ce s-a \u00eent\u00e2mplat \u00een Rom\u00e2nia este foarte \u00eengrijor\u0103tor \u015fi nu \u00eendepline\u015fte standardele democratice europene\u201d, a ad\u0103ugat Andrzej Duda, citat de\u00a0Financial Times (FT).<\/p>\n<p>Curtea Constitu\u0163ional\u0103 a Rom\u00e2niei l-a interzis pe C\u0103lin Georgescu dup\u0103 ce i-a anulat victoria din primul tur \u00een urma acuza\u0163iilor c\u0103 a beneficiat de o campanie ilegal\u0103 orchestrat\u0103 de Moscova, aminte\u015fte FT.<\/p>","protected":false},"excerpt":{"rendered":"<p>\u00centrebat dac\u0103 administra\u0163ia Trump ar putea influen\u0163a alegerile preziden\u0163iale poloneze din luna mai, pre\u015fedintele Duda&hellip;<\/p>\n","protected":false},"author":0,"featured_media":39064,"comment_status":"open","ping_status":"open","sticky":false,"template":"","format":"standard","meta":{"footnotes":""},"categories":[2],"tags":[],"class_list":["post-39082","post","type-post","status-publish","format-standard","has-post-thumbnail","hentry","category-actual"],"_links":{"self":[{"href":"https:\/\/247stiri.ro\/index.php\/wp-json\/wp\/v2\/posts\/39082","targetHints":{"allow":["GET"]}}],"collection":[{"href":"https:\/\/247stiri.ro\/index.php\/wp-json\/wp\/v2\/posts"}],"about":[{"href":"https:\/\/247stiri.ro\/index.php\/wp-json\/wp\/v2\/types\/post"}],"replies":[{"embeddable":true,"href":"https:\/\/247stiri.ro\/index.php\/wp-json\/wp\/v2\/comments?post=39082"}],"version-history":[{"count":0,"href":"https:\/\/247stiri.ro\/index.php\/wp-json\/wp\/v2\/posts\/39082\/revisions"}],"wp:featuredmedia":[{"embeddable":true,"href":"https:\/\/247stiri.ro\/index.php\/wp-json\/wp\/v2\/media\/39064"}],"wp:attachment":[{"href":"https:\/\/247stiri.ro\/index.php\/wp-json\/wp\/v2\/media?parent=39082"}],"wp:term":[{"taxonomy":"category","embeddable":true,"href":"https:\/\/247stiri.ro\/index.php\/wp-json\/wp\/v2\/categories?post=39082"},{"taxonomy":"post_tag","embeddable":true,"href":"https:\/\/247stiri.ro\/index.php\/wp-json\/wp\/v2\/tags?post=39082"}],"curies":[{"name":"wp","href":"https:\/\/api.w.org\/{rel}","templated":true}]}}