{"id":39084,"date":"2025-03-13T09:45:33","date_gmt":"2025-03-13T09:45:33","guid":{"rendered":"https:\/\/247stiri.ro\/index.php\/2025\/03\/13\/ministrul-mediului-romania-este-inca-dependenta-de-lemnul-de-foc-industria-lemnului-contribuie-cu-35-la-pib\/"},"modified":"2025-03-13T09:45:33","modified_gmt":"2025-03-13T09:45:33","slug":"ministrul-mediului-romania-este-inca-dependenta-de-lemnul-de-foc-industria-lemnului-contribuie-cu-35-la-pib","status":"publish","type":"post","link":"https:\/\/247stiri.ro\/index.php\/2025\/03\/13\/ministrul-mediului-romania-este-inca-dependenta-de-lemnul-de-foc-industria-lemnului-contribuie-cu-35-la-pib\/","title":{"rendered":"Ministrul Mediului: \u201dRom\u00e2nia este \u00eenc\u0103 dependent\u0103 de lemnul de foc. Industria lemnului contribuie cu 3,5% la PIB\u201d"},"content":{"rendered":"<p>&#8222;&#8221;Balan\u021ba Lemnului din Rom\u00e2nia&#8221; va fi un instrument care va deschide c\u0103tre publicul larg o multitudine de informa\u021bii \u0219i aici cred c\u0103 accesul la date, accesul la astfel de informa\u021bii este vital, mai ales atunci c\u00e2nd discut\u0103m despre lemn sau despre p\u0103duri, subiect care a generat de-a lungul timpului extrem de mult\u0103 emo\u021bie \u0219i extrem de mult dialog \u00een spa\u021biul public. Vreau s\u0103 \u00eemi exprim aici angajamentul pentru a continua acest instrument, pentru a continua dezvoltarea acestuia, indiferent dac\u0103 discut\u0103m despre resurse financiare sau despre resurse \u0219i mai importante, respectiv cantitatea imens\u0103 de date pe care o avem la dispozi\u021bie, ast\u0103zi, \u00een SUMAL. Vorbim despre milioane sau sute de milioane de cifre, de informa\u021bii care ne ajut\u0103 s\u0103 avem o imagine de ansamblu, dar, mai mult dec\u00e2t at\u00e2t, ne ajut\u0103 \u00een viitor s\u0103 lu\u0103m deciziile corecte. Poate c\u0103 dac\u0103 am fi avut un astfel de instrument \u00een urm\u0103 cu cinci ani sau \u00een urm\u0103 cu zece ani, industria lemnului din Rom\u00e2nia ar fi fost un pic mai competitiv\u0103. Am constatat, deja, faptul c\u0103 Rom\u00e2nia este \u00eenc\u0103 profund dependent\u0103 de lemnul de foc. Milioane de oameni folosesc lemnul de foc pentru a dep\u0103\u0219i cu bine sezonul rece\u201d, a declarat <a href=\"https:\/\/www.realitatea.net\/stiri\/actual\/ministrul-mediului-le-declara-razboi-hotilor-de-lemne-vom-scana-padurea-si-din-aer-si-de-la-sol-am-achizitionat-drone_67c89a8932a6453b7c1bd222\" target=\"_blank\">Mircea Fechet.<\/a><\/p>\n<p>De asemenea, ministrul Mediului precizat c\u0103 la ora actual\u0103, industria lemnului din Rom\u00e2nia contribuie cu 3,5% la Produsul Intern Brut (PIB) al \u021b\u0103rii.<\/p>\n<p>\u201dRecunosc aici importan\u021ba industriei lemnului. Aproximativ 3,5% din PIB-ul Rom\u00e2niei se datoreaz\u0103 acestei industrii. M\u0103 bucur c\u0103 \u00een cadrul Grupului pentru Dialog Forestier putem s\u0103 st\u0103m la aceea\u0219i mas\u0103, nu doar factori deciden\u021bi, ci mai ales companii, reprezentan\u021bi ai industriei, mediul academic, institutele de cercetare. V\u0103 asigur de aceast\u0103 dorin\u021b\u0103 \u0219i de aceast\u0103 promisiune pe care am f\u0103cut-o mereu, legat\u0103 de accesul cet\u0103\u021benilor la informa\u021bii de interes public, legate de accesul oric\u0103ror p\u0103r\u021bi interesate la aceste date, pentru c\u0103 transparen\u021ba nu stric\u0103 niciodat\u0103. \u00cen m\u0103sura \u00een care vom reu\u0219i s\u0103 devenim din ce \u00een ce mai transparen\u021bi. De asemenea, cred c\u0103 societatea civil\u0103, cet\u0103\u021benii \u00een general, vor \u00een\u021belege mai bine \u0219i vor deveni un partener \u0219i mai s\u0103n\u0103tos al acestor demersuri pe care le avem\u201d, a mai spus oficialul.\u00a0<\/p>\n<p>Datele centralizate de Ministerul Mediului, Apelor \u0219i P\u0103durilor (MMSAP), cuprinse \u00een &#8222;Balan\u021ba Lemnului \u00een Rom\u00e2nia&#8221;, pentru anii 2023 \u0219i 2024, arat\u0103 c\u0103 o pondere de 91% din lemnul exploatat \u00een \u021bar\u0103 provine din p\u0103duri amenajate din fondul forestier na\u021bional, iar 58% din p\u0103duri publice, \u00een timp ce 32% din p\u0103duri private. \u00cen acela\u0219i timp, 30% din lemnul exploatat a fost expediat ca fiind certificat \u00een sistemul FSC (Forest Stewardship Council &#8211; n. r.).<\/p>","protected":false},"excerpt":{"rendered":"<p>&#8222;&#8221;Balan\u021ba Lemnului din Rom\u00e2nia&#8221; va fi un instrument care va deschide c\u0103tre publicul larg o&hellip;<\/p>\n","protected":false},"author":0,"featured_media":39085,"comment_status":"open","ping_status":"open","sticky":false,"template":"","format":"standard","meta":{"footnotes":""},"categories":[2],"tags":[],"class_list":["post-39084","post","type-post","status-publish","format-standard","has-post-thumbnail","hentry","category-actual"],"_links":{"self":[{"href":"https:\/\/247stiri.ro\/index.php\/wp-json\/wp\/v2\/posts\/39084","targetHints":{"allow":["GET"]}}],"collection":[{"href":"https:\/\/247stiri.ro\/index.php\/wp-json\/wp\/v2\/posts"}],"about":[{"href":"https:\/\/247stiri.ro\/index.php\/wp-json\/wp\/v2\/types\/post"}],"replies":[{"embeddable":true,"href":"https:\/\/247stiri.ro\/index.php\/wp-json\/wp\/v2\/comments?post=39084"}],"version-history":[{"count":0,"href":"https:\/\/247stiri.ro\/index.php\/wp-json\/wp\/v2\/posts\/39084\/revisions"}],"wp:featuredmedia":[{"embeddable":true,"href":"https:\/\/247stiri.ro\/index.php\/wp-json\/wp\/v2\/media\/39085"}],"wp:attachment":[{"href":"https:\/\/247stiri.ro\/index.php\/wp-json\/wp\/v2\/media?parent=39084"}],"wp:term":[{"taxonomy":"category","embeddable":true,"href":"https:\/\/247stiri.ro\/index.php\/wp-json\/wp\/v2\/categories?post=39084"},{"taxonomy":"post_tag","embeddable":true,"href":"https:\/\/247stiri.ro\/index.php\/wp-json\/wp\/v2\/tags?post=39084"}],"curies":[{"name":"wp","href":"https:\/\/api.w.org\/{rel}","templated":true}]}}