{"id":39088,"date":"2025-03-13T09:45:34","date_gmt":"2025-03-13T09:45:34","guid":{"rendered":"https:\/\/247stiri.ro\/index.php\/2025\/03\/13\/lovitura-pentru-bugetari-nu-se-vor-mai-putea-reangaja-dupa-ce-s-au-pensionat-cand-va-intra-in-vigoare-oug\/"},"modified":"2025-03-13T09:45:34","modified_gmt":"2025-03-13T09:45:34","slug":"lovitura-pentru-bugetari-nu-se-vor-mai-putea-reangaja-dupa-ce-s-au-pensionat-cand-va-intra-in-vigoare-oug","status":"publish","type":"post","link":"https:\/\/247stiri.ro\/index.php\/2025\/03\/13\/lovitura-pentru-bugetari-nu-se-vor-mai-putea-reangaja-dupa-ce-s-au-pensionat-cand-va-intra-in-vigoare-oug\/","title":{"rendered":"Lovitur\u0103 pentru bugetari: nu se vor mai putea reangaja dup\u0103 ce s-au pensionat. C\u00e2nd va intra \u00een vigoare OUG"},"content":{"rendered":"<p>Conform surselor, premierul Marcel Ciolacu a vorbit deja cu pre\u0219edintele interimar al Rom\u00e2niei, Ilie Bolojan, despre efectele OUG 9, \u00een sistemul bugetar.<\/p>\n<p>Pre\u0219edintele interimar i-a explicat lui Marcel Ciolacu c\u0103 \u0219i el a primit o mul\u021bime de semnale privind efectele acestei OUG.<\/p>\n<p>\u00cen urma discu\u021biilor, cei doi lideri au decis s\u0103 am\u00e2ne intrarea \u00een vigoare a OUG pentru finalul anului 2026. P\u00e2n\u0103 atunci se vor acoperi eventualele g\u0103uri din educa\u021bie \u0219i s\u0103n\u0103tate, prin concursuri organizate.<\/p>\n<p>Ce prevede OUG 9\/2025<\/p>\n<p>\u201eArt. IV. \u2014 La articolul 38 din Legea-cadru nr. 153\/2017 privind salarizarea personalului pl\u0103tit din fonduri publice, publicat\u0103 \u00een Monitorul Oficial al Rom\u00e2niei, Partea I, nr. 492 din 28 iunie 2017, cu modific\u0103rile \u0219i complet\u0103rile ulterioare, dup\u0103 alineatul (9) se introduce un nou alineat, alin. (10), cu urm\u0103torul cuprins:<\/p>\n<p>(10) Raportul de munc\u0103 al personalului contractual pl\u0103tit din fonduri publice \u00een conformitate cu prezenta lege, care \u00eendepline\u0219te condi\u021biile de pensionare \u0219i pentru care a fost emis\u0103 decizia de pensionare, \u00eenceteaz\u0103 de drept, \u00een condi\u021biile art. 56 alin. (1) lit. c) din Legea nr. 53\/2003 \u2014 Codul muncii, republicat\u0103, cu modific\u0103rile \u0219i complet\u0103rile ulterioare, chiar dac\u0103 salariatul a solicitat suspendarea pl\u0103\u021bii pensiei\u201d, se arat\u0103 \u00een OUG.<\/p>","protected":false},"excerpt":{"rendered":"<p>Conform surselor, premierul Marcel Ciolacu a vorbit deja cu pre\u0219edintele interimar al Rom\u00e2niei, Ilie Bolojan,&hellip;<\/p>\n","protected":false},"author":0,"featured_media":39075,"comment_status":"open","ping_status":"open","sticky":false,"template":"","format":"standard","meta":{"footnotes":""},"categories":[2],"tags":[],"class_list":["post-39088","post","type-post","status-publish","format-standard","has-post-thumbnail","hentry","category-actual"],"_links":{"self":[{"href":"https:\/\/247stiri.ro\/index.php\/wp-json\/wp\/v2\/posts\/39088","targetHints":{"allow":["GET"]}}],"collection":[{"href":"https:\/\/247stiri.ro\/index.php\/wp-json\/wp\/v2\/posts"}],"about":[{"href":"https:\/\/247stiri.ro\/index.php\/wp-json\/wp\/v2\/types\/post"}],"replies":[{"embeddable":true,"href":"https:\/\/247stiri.ro\/index.php\/wp-json\/wp\/v2\/comments?post=39088"}],"version-history":[{"count":0,"href":"https:\/\/247stiri.ro\/index.php\/wp-json\/wp\/v2\/posts\/39088\/revisions"}],"wp:featuredmedia":[{"embeddable":true,"href":"https:\/\/247stiri.ro\/index.php\/wp-json\/wp\/v2\/media\/39075"}],"wp:attachment":[{"href":"https:\/\/247stiri.ro\/index.php\/wp-json\/wp\/v2\/media?parent=39088"}],"wp:term":[{"taxonomy":"category","embeddable":true,"href":"https:\/\/247stiri.ro\/index.php\/wp-json\/wp\/v2\/categories?post=39088"},{"taxonomy":"post_tag","embeddable":true,"href":"https:\/\/247stiri.ro\/index.php\/wp-json\/wp\/v2\/tags?post=39088"}],"curies":[{"name":"wp","href":"https:\/\/api.w.org\/{rel}","templated":true}]}}