{"id":39095,"date":"2025-03-13T10:45:06","date_gmt":"2025-03-13T10:45:06","guid":{"rendered":"https:\/\/247stiri.ro\/index.php\/2025\/03\/13\/ancheta-bomba-cum-executa-victor-ponta-premierul-to-do-list-ordinele-straine-in-romania-sistemul-incearca-acum-sa-l-impinga-la-varful-tarii\/"},"modified":"2025-03-13T10:45:06","modified_gmt":"2025-03-13T10:45:06","slug":"ancheta-bomba-cum-executa-victor-ponta-premierul-to-do-list-ordinele-straine-in-romania-sistemul-incearca-acum-sa-l-impinga-la-varful-tarii","status":"publish","type":"post","link":"https:\/\/247stiri.ro\/index.php\/2025\/03\/13\/ancheta-bomba-cum-executa-victor-ponta-premierul-to-do-list-ordinele-straine-in-romania-sistemul-incearca-acum-sa-l-impinga-la-varful-tarii\/","title":{"rendered":"Anchet\u0103 bomb\u0103: cum executa Victor Ponta, premierul &#8222;to do list&#8221;, ordinele str\u0103ine \u00een Rom\u00e2nia. Sistemul \u00eencearc\u0103 acum s\u0103-l \u00eemping\u0103 la v\u0103rful \u021b\u0103rii"},"content":{"rendered":"<p>Victor Ponta a f\u0103cut jocurile Bruxelles-ului \u00een Rom\u00e2nia. El a primit \u00een 2012 o list\u0103 clar\u0103 de m\u0103suri de la Jose Barroso, pre\u0219edintele Comisiei Europene, pe care trebuia s\u0103 le implementeze.&#8221;Voiculescu nu a fost la mas\u0103, la discu\u0163ie, dar a fost una din \u0163intele cu probleme, care trebuiesc rezolvate. A fost \u00een \u00abto do list\u00bb. Exact cum a primit. Ponta, are dou\u0103 liste, una de la Barroso \u015fi una de la Voiculescu \u015fi nu \u015ftie niciodat\u0103 care are prioritate. Dac\u0103 vrea s\u0103 afle, \u00eei spun eu: lista de la Barroso are prioritate&#8221;, afirma B\u0103sescu \u00een 2013.\u00a0Suveranistul Victor Ponta a fost un mare sus\u021bin\u0103tor al fostului vicepre\u0219edinte al Comisiei Europene din partea st\u00e2ngii Frans Timmermans \u0219i al lui Eammanuel Macon. Ponta declara \u00een 2018 c\u0103 reprezentantul progresismului \u00een Europa trebuie s\u0103 fie prietenul Rom\u00e2niei, iar Viktor Orban, Matteo Salvini \u0219i al\u021bi reprezentan\u021bi ai suverani\u0219tilor europeni trebuie s\u0103 fie izola\u021bi pentru a nu dezbina Uniunea European\u0103.<\/p>\n<p><a href=\"https:\/\/www.realitatea.net\/stiri\/politica\/orele-lui-ponta-in-psd-sunt-numarate-ciolacu-propune-excluderea-sa-din-partid-in-consiliul-politic-national-al-socialdemocratilor_67d183b50d68a254033eea06\" target=\"_blank\">Victor Ponta, EXCLUS din PSD! Social-democra\u021bii s-au dezis de suveranistul vopsit<\/a><\/p>\n<p>&#8222;Domnul Timmermans probabil va fi candidatul sociali\u015ftilor pentru func\u0163ia de pre\u015fedinte al Comisii Europene. Pe cine \u015fi-a g\u0103sit D\u0103ncil\u0103 s\u0103 \u00eel \u00eenjure? Pe Timmermans. Noi ne facem numai du\u015fmani printre europeni \u015fi dup\u0103 aceea ne pl\u00e2ngem c\u0103 nu avem prieteni. Noi ne facem du\u015fmanii, asta e un lucru r\u0103u pentru c\u0103 toat\u0103 lumea deconteaz\u0103 aceast\u0103 situa\u0163ie.<\/p>\n<p>Vor fi dou\u0103 tabere \u00een Europa, v\u0103 spun de pe acum, o tab\u0103r\u0103 cu for\u021ba centriped\u0103 \u0219i merg s\u0103 \u021bin\u0103 UE legat\u0103, reprezentat\u0103 de Macron \u0219i ata e solu\u021bia bun\u0103 \u0219i tab\u0103ra \u0219i domnul Salvini, cel din Italia&#8221;, spunea Ponta \u00een octombrie 2018.\u00a0Victor Ponta a numit-o \u00een func\u021bia de procuror \u0219ef al DNA pe Laura Codru\u021ba Kovesi \u00een 2013, dup\u0103 ce a primit acest\u0103 propunere de la Traian B\u0103sescu. Leg\u0103tura lui Ponta cu Statul Paralel a fost f\u0103cut\u0103 \u0219i prin rela\u021bia extrem de apropiat\u0103 cu Florian Coldea \u0219i cu na\u0219ul s\u0103u, George Maior.<\/p>\n<p><a href=\"https:\/\/www.realitatea.net\/stiri\/actual\/victor-ponta-finantat-cu-milioane-de-chinezi-si-turci-noi-date-bomba-cine-este-in-spatele-firmelor-carel-finanteaza_67d1c0436f548c486d0440b2\" target=\"_blank\">Victor Ponta, finan\u021bat cu milioane de chinezi \u0219i turci. Noi date bomb\u0103, cine este \u00een spatele firmelor care-l finan\u021beaz\u0103?<\/a><\/p>\n<p>Victor Ponta \u00een 2020, era un sus\u021bin\u0103tor puternic al lui Joe Biden \u0219i al politicilor progresiste. El \u00eel ataca deschis pe Donald Trump, iar acum sper\u0103 s\u0103 primeasc\u0103 un sprijin din partea lui.<\/p>\n<p>&#8222;Probail c\u0103 \u00eenc\u0103 4 ani cu dl Trump ar fi fost foarte, foarte dificili pentru toat\u0103 lumea. \u00cen America se ajunsese deja la un nivel insuportabil \u0219i probabil c\u0103 \u00eenc\u0103 4 ani cu dl Trump ar fi fost foarte, foarte dificil pentru toat\u0103 lumea&#8221;, declara Ponta \u00een 2020.\u00a0<\/p>\n<p>Victor Ponta a fost al\u0103turi de Vladimir Putin la deschiderea jocurilor Olimpice de la Soci \u0219i a campionatelor Mondiale de la Baku.<\/p>","protected":false},"excerpt":{"rendered":"<p>Victor Ponta a f\u0103cut jocurile Bruxelles-ului \u00een Rom\u00e2nia. El a primit \u00een 2012 o list\u0103&hellip;<\/p>\n","protected":false},"author":0,"featured_media":39096,"comment_status":"open","ping_status":"open","sticky":false,"template":"","format":"standard","meta":{"footnotes":""},"categories":[3],"tags":[],"class_list":["post-39095","post","type-post","status-publish","format-standard","has-post-thumbnail","hentry","category-politica"],"_links":{"self":[{"href":"https:\/\/247stiri.ro\/index.php\/wp-json\/wp\/v2\/posts\/39095","targetHints":{"allow":["GET"]}}],"collection":[{"href":"https:\/\/247stiri.ro\/index.php\/wp-json\/wp\/v2\/posts"}],"about":[{"href":"https:\/\/247stiri.ro\/index.php\/wp-json\/wp\/v2\/types\/post"}],"replies":[{"embeddable":true,"href":"https:\/\/247stiri.ro\/index.php\/wp-json\/wp\/v2\/comments?post=39095"}],"version-history":[{"count":0,"href":"https:\/\/247stiri.ro\/index.php\/wp-json\/wp\/v2\/posts\/39095\/revisions"}],"wp:featuredmedia":[{"embeddable":true,"href":"https:\/\/247stiri.ro\/index.php\/wp-json\/wp\/v2\/media\/39096"}],"wp:attachment":[{"href":"https:\/\/247stiri.ro\/index.php\/wp-json\/wp\/v2\/media?parent=39095"}],"wp:term":[{"taxonomy":"category","embeddable":true,"href":"https:\/\/247stiri.ro\/index.php\/wp-json\/wp\/v2\/categories?post=39095"},{"taxonomy":"post_tag","embeddable":true,"href":"https:\/\/247stiri.ro\/index.php\/wp-json\/wp\/v2\/tags?post=39095"}],"curies":[{"name":"wp","href":"https:\/\/api.w.org\/{rel}","templated":true}]}}