{"id":39097,"date":"2025-03-13T10:45:07","date_gmt":"2025-03-13T10:45:07","guid":{"rendered":"https:\/\/247stiri.ro\/index.php\/2025\/03\/13\/diana-sosoaca-a-intrat-in-ring-si-a-depus-candidatura-la-prezidentiale-cu-manusi-de-box-satana-n-a-invins-niciodata-pumnul-asta-este-al-justitiei-al-lui-dumnezeu\/"},"modified":"2025-03-13T10:45:07","modified_gmt":"2025-03-13T10:45:07","slug":"diana-sosoaca-a-intrat-in-ring-si-a-depus-candidatura-la-prezidentiale-cu-manusi-de-box-satana-n-a-invins-niciodata-pumnul-asta-este-al-justitiei-al-lui-dumnezeu","status":"publish","type":"post","link":"https:\/\/247stiri.ro\/index.php\/2025\/03\/13\/diana-sosoaca-a-intrat-in-ring-si-a-depus-candidatura-la-prezidentiale-cu-manusi-de-box-satana-n-a-invins-niciodata-pumnul-asta-este-al-justitiei-al-lui-dumnezeu\/","title":{"rendered":"Diana \u0218o\u0219oac\u0103 a \u201eintrat \u00een ring\u201d.  \u0218i-a depus candidatura la preziden\u021biale cu m\u0103nu\u0219i de box: \u201eSatana n-a \u00eenvins niciodat\u0103! Pumnul \u0103sta este al justi\u021biei, al lui Dumnezeu!\u201d &#8211; VIDEO"},"content":{"rendered":"<p>Diana Iovanovici \u0218o\u0219oac\u0103 a venit \u0219i-\u0219i depun\u0103 candidatura la BEC. Europarlamentara avea pe m\u00e2ini m\u0103nu\u0219i de box \u0219i a aruncat cu blesteme \u00een st\u00e2nga \u0219i-n dreapta.<\/p>\n\n<p>&#8222;V\u0103 iubesc pe to\u021bi. V\u0103 salut \u0219i pe cei de la balcoane, de la BNR. Jos euro, s\u0103 nu renun\u021ba\u021bi la leu.\u00a0<\/p>\n<p>Am venit preg\u0103tit\u0103 s\u0103 m\u0103 mai lupt o dat\u0103 cu ei. Sistemul nu este preg\u0103tit pentru oameni ca noi, nu este preg\u0103tit pentru cei care \u0219tiu carte, nu este obi\u0219nuit cu eroi.<\/p>\n<p>De cur\u00e2nd, am fost f\u0103cut\u0103 pre\u0219edinte de onoare al Federa\u021biei de Box Ringul.<\/p>\n<p>Jum\u0103tate din Rom\u00e2nia nu mai e aici. Este dus\u0103 cu z\u0103h\u0103relul.<\/p>\n<p>Pumnul \u0103sta este al justi\u021biei! E pumnul lui Dumnezeu. El ne-a spus s\u0103 lupt\u0103m p\u00e2n\u0103 la cap\u0103t\u201d, a spus \u0218o\u0219oac\u0103.<\/p>","protected":false},"excerpt":{"rendered":"<p>Diana Iovanovici \u0218o\u0219oac\u0103 a venit \u0219i-\u0219i depun\u0103 candidatura la BEC. Europarlamentara avea pe m\u00e2ini m\u0103nu\u0219i&hellip;<\/p>\n","protected":false},"author":0,"featured_media":39094,"comment_status":"open","ping_status":"open","sticky":false,"template":"","format":"standard","meta":{"footnotes":""},"categories":[2],"tags":[],"class_list":["post-39097","post","type-post","status-publish","format-standard","has-post-thumbnail","hentry","category-actual"],"_links":{"self":[{"href":"https:\/\/247stiri.ro\/index.php\/wp-json\/wp\/v2\/posts\/39097","targetHints":{"allow":["GET"]}}],"collection":[{"href":"https:\/\/247stiri.ro\/index.php\/wp-json\/wp\/v2\/posts"}],"about":[{"href":"https:\/\/247stiri.ro\/index.php\/wp-json\/wp\/v2\/types\/post"}],"replies":[{"embeddable":true,"href":"https:\/\/247stiri.ro\/index.php\/wp-json\/wp\/v2\/comments?post=39097"}],"version-history":[{"count":0,"href":"https:\/\/247stiri.ro\/index.php\/wp-json\/wp\/v2\/posts\/39097\/revisions"}],"wp:featuredmedia":[{"embeddable":true,"href":"https:\/\/247stiri.ro\/index.php\/wp-json\/wp\/v2\/media\/39094"}],"wp:attachment":[{"href":"https:\/\/247stiri.ro\/index.php\/wp-json\/wp\/v2\/media?parent=39097"}],"wp:term":[{"taxonomy":"category","embeddable":true,"href":"https:\/\/247stiri.ro\/index.php\/wp-json\/wp\/v2\/categories?post=39097"},{"taxonomy":"post_tag","embeddable":true,"href":"https:\/\/247stiri.ro\/index.php\/wp-json\/wp\/v2\/tags?post=39097"}],"curies":[{"name":"wp","href":"https:\/\/api.w.org\/{rel}","templated":true}]}}