{"id":39098,"date":"2025-03-13T10:45:07","date_gmt":"2025-03-13T10:45:07","guid":{"rendered":"https:\/\/247stiri.ro\/index.php\/2025\/03\/13\/haos-in-sistemul-de-sanatate-angajatii-pensionari-din-spitale-sunt-nevoiti-sa-plece-acasa-sedinta-de-urgenta-la-guvern\/"},"modified":"2025-03-13T10:45:07","modified_gmt":"2025-03-13T10:45:07","slug":"haos-in-sistemul-de-sanatate-angajatii-pensionari-din-spitale-sunt-nevoiti-sa-plece-acasa-sedinta-de-urgenta-la-guvern","status":"publish","type":"post","link":"https:\/\/247stiri.ro\/index.php\/2025\/03\/13\/haos-in-sistemul-de-sanatate-angajatii-pensionari-din-spitale-sunt-nevoiti-sa-plece-acasa-sedinta-de-urgenta-la-guvern\/","title":{"rendered":"Haos \u00een sistemul de s\u0103n\u0103tate. Angaja\u021bii pensionari din spitale sunt nevoi\u021bi s\u0103 plece acas\u0103. \u0218edin\u021b\u0103 de urgen\u021b\u0103 la Guvern"},"content":{"rendered":"<p>Aceast\u0103 Ordonan\u021b\u0103 de Urgen\u021b\u0103 ar putea b\u0103ga sistemul de s\u0103n\u0103tate din \u021bara noastr\u0103 \u00een haos \u0219i asta pentru c\u0103 medicii pensionari care sunt \u00een aceste momente pe posturi sunt nevoi\u021bi s\u0103 plece acas\u0103.\u00a0<\/p>\n<p>Conform legii, medicii care sunt la pensie nu mai au voie s\u0103 ocupe posturi \u00een spitalele de stat, \u00eens\u0103 \u00een \u0219edin\u021ba de Guvern de joi se discut\u0103 modificarea acestei ordonan\u021be.\u00a0<\/p>\n<p>Astfel, dac\u0103 Guvenul decide modificarea OUG cadrele medicale pensionate care \u00eenc\u0103 lucreaz\u0103 \u00een spital ar putea r\u0103m\u00e2ne p\u00e2n\u0103 la finalul acestui an pe posturile respective.\u00a0<\/p>\n<p>\u00centre timp, posturile vor fi scoase la concurs, iar \u00eencep\u00e2nd de anul viitor \u00een spitale vor lucra noi speciali\u0219ti.\u00a0<\/p>\n<p>Modificarea acestei OUG a fost pus\u0103 pe ordinea de zi a \u0219edin\u021bei de Guvern de joi, dup\u0103 ce \u00een ultimele zile, \u00een sistemul de s\u0103n\u0103tate a fost un haos total \u0219i asta pentru c\u0103 foarte multe spitale riscau s\u0103 r\u0103m\u00e2n\u0103 f\u0103r\u0103 medici speciali\u0219ti.\u00a0<\/p>\n<p>Cele mai afectate de efectele acestei ordonan\u021be ar fi fost spitalele regionale, acolo unde, majoritatea medicilor speciali\u0219ti sunt deja ie\u0219i\u021bi la pensie.\u00a0<\/p>","protected":false},"excerpt":{"rendered":"<p>Aceast\u0103 Ordonan\u021b\u0103 de Urgen\u021b\u0103 ar putea b\u0103ga sistemul de s\u0103n\u0103tate din \u021bara noastr\u0103 \u00een haos&hellip;<\/p>\n","protected":false},"author":0,"featured_media":39099,"comment_status":"open","ping_status":"open","sticky":false,"template":"","format":"standard","meta":{"footnotes":""},"categories":[2],"tags":[],"class_list":["post-39098","post","type-post","status-publish","format-standard","has-post-thumbnail","hentry","category-actual"],"_links":{"self":[{"href":"https:\/\/247stiri.ro\/index.php\/wp-json\/wp\/v2\/posts\/39098","targetHints":{"allow":["GET"]}}],"collection":[{"href":"https:\/\/247stiri.ro\/index.php\/wp-json\/wp\/v2\/posts"}],"about":[{"href":"https:\/\/247stiri.ro\/index.php\/wp-json\/wp\/v2\/types\/post"}],"replies":[{"embeddable":true,"href":"https:\/\/247stiri.ro\/index.php\/wp-json\/wp\/v2\/comments?post=39098"}],"version-history":[{"count":0,"href":"https:\/\/247stiri.ro\/index.php\/wp-json\/wp\/v2\/posts\/39098\/revisions"}],"wp:featuredmedia":[{"embeddable":true,"href":"https:\/\/247stiri.ro\/index.php\/wp-json\/wp\/v2\/media\/39099"}],"wp:attachment":[{"href":"https:\/\/247stiri.ro\/index.php\/wp-json\/wp\/v2\/media?parent=39098"}],"wp:term":[{"taxonomy":"category","embeddable":true,"href":"https:\/\/247stiri.ro\/index.php\/wp-json\/wp\/v2\/categories?post=39098"},{"taxonomy":"post_tag","embeddable":true,"href":"https:\/\/247stiri.ro\/index.php\/wp-json\/wp\/v2\/tags?post=39098"}],"curies":[{"name":"wp","href":"https:\/\/api.w.org\/{rel}","templated":true}]}}