{"id":39118,"date":"2025-03-13T11:47:18","date_gmt":"2025-03-13T11:47:18","guid":{"rendered":"https:\/\/247stiri.ro\/index.php\/2025\/03\/13\/anca-alexandrescu-demonteaza-toate-acuzatiile-ca-ar-fi-ofiter-sie-sa-spui-ca-am-fost-agent-sie-ca-sunt-omul-sistemului-si-ca-am-fost-infiltrata-ca-sa-il-distrug-pe-calin-georgescu-este-hila\/"},"modified":"2025-03-13T11:47:18","modified_gmt":"2025-03-13T11:47:18","slug":"anca-alexandrescu-demonteaza-toate-acuzatiile-ca-ar-fi-ofiter-sie-sa-spui-ca-am-fost-agent-sie-ca-sunt-omul-sistemului-si-ca-am-fost-infiltrata-ca-sa-il-distrug-pe-calin-georgescu-este-hila","status":"publish","type":"post","link":"https:\/\/247stiri.ro\/index.php\/2025\/03\/13\/anca-alexandrescu-demonteaza-toate-acuzatiile-ca-ar-fi-ofiter-sie-sa-spui-ca-am-fost-agent-sie-ca-sunt-omul-sistemului-si-ca-am-fost-infiltrata-ca-sa-il-distrug-pe-calin-georgescu-este-hila\/","title":{"rendered":"Anca Alexandrescu demonteaz\u0103 toate acuza\u021biile c\u0103 ar fi ofi\u021ber SIE: \u201dS\u0103 spui c\u0103 am fost agent SIE, c\u0103 sunt omul sistemului \u0219i c\u0103 am fost infiltrat\u0103 ca s\u0103 \u00eel distrug pe C\u0103lin Georgescu este hilar\u201d"},"content":{"rendered":"<p>Eu am stomac foarte tare, m\u0103 a\u0219teptam la a\u0219a ceva, nu am \u0219tiut c\u0103 sunt cea mai important\u0103 femeie din Rom\u00e2nia \u00een a\u0219a fel \u00eenc\u00e2t s\u0103 se mobilizeze at\u00e2tea personaje din statul paralel \u0219i care ani de zile s-au \u00eenfruptat din contractele \u0219i banii care s-au scrus pe l\u00e2ng\u0103 ce au fost la guvernare. Vorbesc despre Andronic \u0219i despre alte personaje care aplaud\u0103 acest comportament josnic.<\/p>\n<p>Nu m-am a\u0219teptat s\u0103 mi se acorde at\u00e2t de mult\u0103 importan\u021b\u0103. \u00cen primul r\u00e2nd este absolut caraghios s\u0103 zici c\u0103 la 20 de ani am fost racolat\u0103 de sie. Vreau s\u0103 cer public celor de la sie s\u0103 \u00eemi pl\u0103teasc\u0103 \u0219alriile de la 20 de ani \u0219i p\u00e2n\u0103 acum \u0219i vreau \u0219i pensie privat\u0103.<\/p>\n<p>Nu am dat \u00een judecat\u0103, pentru c\u0103 mi s-a p\u0103rut caraghios. Este o carte din 2017. Apar \u00een acea carte din cauza fostului meu so\u021b, Dan Andronic, cu un limbaj josnic la adresa mea. Despre limbajul lui Ciutacu nu mai vreau s\u0103 comentez. Nu am dat \u00een judecat\u0103, fiindc\u0103 mi s-a p\u0103rut caraghios, era vorba de domnul Andronic \u0219i de unchiul s\u0103u. eu nici nu-l cuno\u0219team pe Andronic la 20 de ani, l-am cunoscut mult mai t\u00e2rziu, deci nu avea cum s\u0103 func\u021bioneze acest lucru.<\/p>\n<p>Domnul Talpe\u0219 a fost un bun prieten al tat\u0103lui meu, nu am ascuns acest lucru \u0219i am spus public asta. Iar pe domnul acela Agop nu l-am cunoscut \u00een via\u021ba mea. Nu am \u0219tiut c\u0103 am devenit inamicul public num\u0103rul 1 ca s\u0103 i se fac\u0103 loc lui Victor Ponta, este ordin peunitate s\u0103 fiu at\u00e2tac\u0103 \u0219i a\u0219eas\u0103 mai multe personaje au postat pe re\u021bele de socializare, care se \u00eenv\u00e2rt \u00een acela\u0219i cerc \u0219i care au leg\u0103tur\u0103 cu zona asta. S\u0103 vii acum s\u0103 spui c\u0103 am fost agent sie \u0219i c\u0103 sunt omnul sistemului \u0219i c\u0103 am fost infiltrat\u0103 ca s\u0103 \u00eel distrug pe C\u0103lin Georgescu este hilar.<\/p>\n<p>Eu am fost singura care s-a luptat cu Florian Coldea \u0219i am ar\u0103tat adev\u0103rul despre el, apoi to\u021bi au copiat \u0219i au preluat de la mine ceea ce am f\u0103cut. Eu \u00een timp ce ei cei care acum vorbesc, \u00eel crucificau pe C\u0103lin Georgescu \u0219i scoteau din context \u0219i f\u0103ceau fake news-uri despre el, eu eram cea care ar\u0103ta adev\u0103rul \u0219i ar\u0103tam ce se \u00eent\u00e2mpla cu adev\u0103rat \u00een interviurile pe care ei le scoteau din context. Ei erau cei care \u00eei f\u0103ceau pleava societ\u0103\u021bii pe sus\u021bin\u0103torii lui Georgescu.<\/p>\n<p>Inten\u021bia lor este pe de o parte legat\u0103 de validarea lui Ponta ca \u0219i candidat suveranist, g\u0103sirea unui vinovat public pentru ceea ce s-a \u00eent\u00e2mplat, adic\u0103 \u00een persoana mea, f\u0103c\u00e2nd ni\u0219te asocieri penibile. Eu am fost singura care i-am dat plateforma lui Georgescu necondi\u021bionat.<\/p>\n<p>Niciodat\u0103 nu l-am presat, am pus \u00eentreb\u0103rile care trebuiau puse oric\u0103rui invitat, cum am f\u0103cut \u0219i asear\u0103 cu doamna Gavril\u0103. Faptul c\u0103 pun \u00eentreb\u0103ri \u0219i \u00eencerc s\u0103 aflu adev\u0103rul, cred c\u0103 este \u00een interesul tuturor, inclsuiv \u00een interesul sus\u021bin\u0103torilor lui Georgescu. Sigur c\u0103 acum e u\u0219or s\u0103 g\u0103se\u0219ti vinovat\u0103 pe Anca Alexandrescu, \u00een\u021beleg c\u0103 sunt mai puternic\u0103 dec\u00e2t CCR, DNA, BEC.<\/p>\n<p>Eu dau ordine tuturor, sunt cea mai puternic\u0103 \u0219i decid totul \u00een \u021bara asta. Sunt onorat\u0103 c\u0103 mi se acord\u0103 at\u00e2ta important \u00een \u021bara asta. Sunt onorat\u0103 pentru c\u0103 mi se acord\u0103 at\u00e2ta importan\u021b\u0103, dar rom\u00e2nii uit\u0103 mesajul pe care l-a dat C\u0103lin Georgescu, dup\u0103 decizia de la CCR: dac\u0103 ei erau 1 milion de oameni \u00een strad\u0103, ast\u0103zi nu s-ar fi \u00eent\u00e2mplat ce tr\u0103im, nu \u0219i-ar fi permis BEC s\u0103 \u00eencalce constitu\u021bia, nici CCR, nici Marcel Ciolacu s\u0103 dea pe surse jurnali\u0219tilor acredita\u021bi de la guvern c\u0103 nu au mai ap\u0103rut reace\u021bii de la casa alb\u0103 dup\u0103 decizia CCR, pentru c\u0103 s-au dezghe\u021bat rela\u021biile \u00eentre actuala conducere a statului \u0219i Administra\u021bia Trump.<\/p>\n<p>Oamenii sunt foarte sensibili \u00een ziua de ast\u0103zi. eu am spsu de la \u00eenceput c\u0103 voi merge p\u00e2n\u0103 la cap\u0103t pe acest drum suveranist pe care l-am \u00eenceput \u00een urm\u0103 cu 5 ani de zile, pe linia pe care C\u0103lin Georgescu o va decide. Ceea ce am ssu\u021binut \u0219i sus\u021bin este \u00een permanen\u021b\u0103 verificat cu echipa domnului Georgescu.<\/p>\n<p>Am verificat tot ceea ce sus\u021bin cei care au fost asear\u0103 \u00een emisiune la mine, \u00eenainte s\u0103 intr\u0103m \u00een direct, C\u0103lin Georgescu l-a sunat pe George Simion, care era la un metru de mine, ca s\u0103 se sf\u0103tuiasc\u0103 \u00een leg\u0103tur\u0103 cu mesajele pe care s\u0103 le dea public.<\/p>\n<p>Nu este niciun scenariu, nu vrea nimeni s\u0103 ia ceea ce a f\u0103cut c\u0103lin georgecsu. Este lupta lui C\u0103lin Georgescu de 10 de ani de zile. Unii nu au vrut s\u0103 vad\u0103 ceea ce a reu\u0219it C\u0103lin Georgescu \u00een 3 luni de zile, nu au reu\u0219it pre\u0219edin\u021bii rom\u00e2niei \u00een 35 de ani.<\/p>\n<p>Scopul nostru este \u00een continuare s\u0103 relu\u0103m turul 2, dar nici nu po\u021bi ignora faptul c\u0103 aceste personaje care vremelnic se afl\u0103 la butoanele puterii \u0219i uzurp\u0103 aceste calit\u0103\u021bi oficiale pentru a\u0219 e p\u0103stra \u00een aceste pozi\u021bii \u0219i merg \u00eenainte cu organizsrea alegerilor, nu am face dec\u00e2t s\u0103 le d\u0103m satisfac\u021bie s\u0103 \u00ee\u0219i voteze propria list\u0103 a statului paralel. Lupta trebuie dus\u0103 pe toate canlele, mers pe toate canalell pentru reluarea turului 2, alegerile nu sunt m\u00e2ine, ci pe 4 mai, cum au stabilit ace\u0219ti tr\u0103d\u0103tori. P\u00e2n\u0103 pe 4 mai se pot \u00eent\u00e2mpla foarte multe lucruri.<\/p>\n<p>Sunt acuzat\u0103 de c\u0103tre unii c\u0103 l-am uitat pe C\u0103lin Georgescu. Domnul Georgescu are mereu u\u0219a deschis\u0103 la mine \u00een emisiune. Eu vorbesc zilnic \u0219i cu doamna Cristela \u0219i cu echipa domnului Georgescu. Tot ce fac este \u00een coordonare cu tot ce am f\u0103cut p\u00e2n\u0103 acum.<\/p>\n<p>Niciodat\u0103 nu s-a declarat deranjat de \u00eentreb\u0103rile pe care i le-am pus, ba dimpotriv\u0103 mi-a mul\u021bumit pentru c\u0103 a avut posibilitatea s\u0103 explice acuza\u021biile mizerabile care i se aduceau la alte canale de televiziune. De aceea am invitat-o \u0219i pe avocata lui Hora\u021biu Potra \u0219i pe Sechila \u0219i pe so\u021bia domnului Sechila, pentru a da posiblitatea acestor oameni de a spune adev\u0103rul.<\/p>\n<p>Am v\u0103zut c\u0103 au dat un nume de cod. Fals. Numele meu de cod este Pittbuleasca \u00een aceast\u0103 perioad\u0103, \u00een perioada \u00een care am fost la guvern era Cruela \u0219i pentru apropia\u021bii mei este Anki, ca s\u0103 fie lumea lini\u0219tit\u0103. semnat, V\u0103duva Neagr\u0103, pentru c\u0103 a\u0219a le place s\u0103 spun\u0103.<\/p>\n<p>M\u0103 voi lupta cu ei \u0219i voi merge pe acest drum suveranist p\u00e2n\u0103 la cap\u0103t. s\u0103 vin\u0103 la sf\u00e2r\u0219it s\u0103 \u00ee\u0219i cear\u0103 scuze, pentru c\u0103 s-au \u00eendoit de mine.\u201d, a declarat Anca Alexandrescu la Realitatea PLUS.<\/p>\n<p>\u00a0<\/p>","protected":false},"excerpt":{"rendered":"<p>Eu am stomac foarte tare, m\u0103 a\u0219teptam la a\u0219a ceva, nu am \u0219tiut c\u0103 sunt&hellip;<\/p>\n","protected":false},"author":0,"featured_media":39114,"comment_status":"open","ping_status":"open","sticky":false,"template":"","format":"standard","meta":{"footnotes":""},"categories":[2],"tags":[],"class_list":["post-39118","post","type-post","status-publish","format-standard","has-post-thumbnail","hentry","category-actual"],"_links":{"self":[{"href":"https:\/\/247stiri.ro\/index.php\/wp-json\/wp\/v2\/posts\/39118","targetHints":{"allow":["GET"]}}],"collection":[{"href":"https:\/\/247stiri.ro\/index.php\/wp-json\/wp\/v2\/posts"}],"about":[{"href":"https:\/\/247stiri.ro\/index.php\/wp-json\/wp\/v2\/types\/post"}],"replies":[{"embeddable":true,"href":"https:\/\/247stiri.ro\/index.php\/wp-json\/wp\/v2\/comments?post=39118"}],"version-history":[{"count":0,"href":"https:\/\/247stiri.ro\/index.php\/wp-json\/wp\/v2\/posts\/39118\/revisions"}],"wp:featuredmedia":[{"embeddable":true,"href":"https:\/\/247stiri.ro\/index.php\/wp-json\/wp\/v2\/media\/39114"}],"wp:attachment":[{"href":"https:\/\/247stiri.ro\/index.php\/wp-json\/wp\/v2\/media?parent=39118"}],"wp:term":[{"taxonomy":"category","embeddable":true,"href":"https:\/\/247stiri.ro\/index.php\/wp-json\/wp\/v2\/categories?post=39118"},{"taxonomy":"post_tag","embeddable":true,"href":"https:\/\/247stiri.ro\/index.php\/wp-json\/wp\/v2\/tags?post=39118"}],"curies":[{"name":"wp","href":"https:\/\/api.w.org\/{rel}","templated":true}]}}